{"id":22500,"date":"2023-09-27T14:48:54","date_gmt":"2023-09-27T14:48:54","guid":{"rendered":"https:\/\/skyplanner.ai\/kaynaklar\/slovenyada-uretim-muduru-maasi-2023\/"},"modified":"2025-07-25T13:43:35","modified_gmt":"2025-07-25T13:43:35","slug":"slovenyada-uretim-muduru-maasi-2026","status":"publish","type":"post","link":"https:\/\/skyplanner.ai\/tr\/kaynaklar\/slovenyada-uretim-muduru-maasi-2026\/","title":{"rendered":"Slovenya&#8217;da \u00dcretim M\u00fcd\u00fcr\u00fc Maa\u015f\u0131 2026"},"content":{"rendered":"<div class=\"gb-container gb-container-bf558a89 article-main-content-container\">\n\n<h1 class=\"wp-block-heading\" id=\"h-production-manager-salary-in-slovenia-2026\">Slovenya&#8217;da \u00dcretim M\u00fcd\u00fcr\u00fc Maa\u015f\u0131 2026<\/h1>\n\n\n<div class=\"gb-container gb-container-e8026af9\">\n\n<p><a href=\"https:\/\/skyplanner.ai\/tr\/\">Home<\/a> &#8221; <a href=\"https:\/\/skyplanner.ai\/tr\/kaynaklar\/\">Kaynaklar<\/a> &#8221; Slovenya&#8217;da \u00dcretim M\u00fcd\u00fcr\u00fc Maa\u015flar\u0131 2026<\/p>\n\n\n\n<p class=\"yoast-reading-time__wrapper\"><span class=\"yoast-reading-time__icon\"><svg xmlns=\"http:\/\/www.w3.org\/2000\/svg\" aria-hidden=\"true\" focusable=\"false\" data-icon=\"clock\" width=\"20\" height=\"20\" fill=\"none\" stroke=\"currentColor\" style=\"display:inline-block;vertical-align:-0.1em\" role=\"img\" viewbox=\"0 0 24 24\"><path stroke-linecap=\"round\" stroke-linejoin=\"round\" stroke-width=\"2\" d=\"M12 8v4l3 3m6-3a9 9 0 11-18 0 9 9 0 0118 0z\"><\/path><\/svg><\/span><span class=\"yoast-reading-time__spacer\" style=\"display:inline-block;width:1em\"><\/span><span class=\"yoast-reading-time__descriptive-text\">Tahmini okuma s\u00fcresi: <\/span><span class=\"yoast-reading-time__reading-time\">11<\/span><span class=\"yoast-reading-time__time-unit\"> dakika<\/span><\/p>\n\n<\/div>\n\n<div class=\"gb-container gb-container-f0fd57d0\">\n<div class=\"gb-container gb-container-31dfeab3\"><div class=\"gb-inside-container\">\n\n<p><strong>Slovenya&#8217;da bir \u00fcretim m\u00fcd\u00fcr\u00fcn\u00fcn maa\u015f\u0131 y\u0131ll\u0131k 45.732 \u20ac civar\u0131ndad\u0131r ve bu da her ay 3.811 \u20ac&#8217;ya denk gelmektedir.  <\/strong><\/p>\n\n<\/div><\/div>\n\n\n<p>2026 y\u0131l\u0131nda Slovenya&#8217;daki imalat sekt\u00f6r\u00fc, hem teknolojik ilerlemeler hem de pazar dinamikleri nedeniyle \u00f6nemli bir evrim ge\u00e7irmekte ve bu da iyi e\u011fitimli <a href=\"https:\/\/skyplanner.ai\/tr\/kaynaklar\/uretim-muduru-is-tanimi\/\">\u00fcretim y\u00f6neticilerine<\/a> olan talebi art\u0131rmaktad\u0131r. Bu i\u015finin ehli profesyoneller, \u00fcretim hatlar\u0131n\u0131n sorunsuz ve verimli bir \u015fekilde \u00e7al\u0131\u015fmas\u0131n\u0131 sa\u011flayarak imalat i\u015fletmelerinin genel \u00fcretkenli\u011fine ve k\u00e2rl\u0131l\u0131\u011f\u0131na \u00f6nemli \u00f6l\u00e7\u00fcde katk\u0131da bulunurlar. Bu end\u00fcstriyel b\u00fcy\u00fcme ortam\u0131nda \u00f6nemli bir soru ortaya \u00e7\u0131k\u0131yor: Slovenya&#8217;da bir \u00fcretim m\u00fcd\u00fcr\u00fc bu y\u0131l ne kadar maa\u015f almay\u0131 bekleyebilir?<\/p>\n\n\n\n<h2 class=\"wp-block-heading\">Slovenya&#8217;daki Ortalama Maa\u015flara Bir Bak\u0131\u015f<\/h2>\n\n\n\n<p>Bir \u00fcretim m\u00fcd\u00fcr\u00fcn\u00fcn kazanc\u0131n\u0131n ayr\u0131nt\u0131lar\u0131na girmeden \u00f6nce, Slovenya&#8217;n\u0131n daha geni\u015f ekonomik ortam\u0131n\u0131 anlamak zorunludur. Mevcut veriler itibariyle, Slovenya&#8217;da ortalama maa\u015f <strong>y\u0131ll\u0131k<\/strong> yakla\u015f\u0131k <strong>29<strong>.088<\/strong> Avro<\/strong>&#8216;dur. Bu rakam, \u00fcretim m\u00fcd\u00fcr\u00fc gibi daha uzmanla\u015fm\u0131\u015f ve \u00f6nemli bir rol\u00fcn kazan\u00e7lar\u0131n\u0131n analiz edilebilece\u011fi bir temel sunmaktad\u0131r.<\/p>\n\n\n\n<p>Slovenya&#8217;da bir \u00fcretim m\u00fcd\u00fcr\u00fcn\u00fcn rol\u00fc, y\u0131ll\u0131k yakla\u015f\u0131k <strong>45<strong>.732<\/strong> \u20ac<\/strong> kazan\u00e7la mali a\u00e7\u0131dan \u00f6d\u00fcllendiricidir; bu da <strong>ayda yakla\u015f\u0131k 3.811 \u20ac<\/strong>&#8216;ya kar\u015f\u0131l\u0131k gelir. Bu maa\u015f skalas\u0131, imalat sekt\u00f6r\u00fcnde \u00fcretim s\u00fcre\u00e7lerini denetlemenin kritik \u00f6nemini ve zorlu do\u011fas\u0131n\u0131 yans\u0131tacak \u015fekilde ulusal ortalama maa\u015f\u0131n \u00fczerinde yer almaktad\u0131r. Bir \u00fcretim m\u00fcd\u00fcr\u00fcn\u00fcn kazanc\u0131 ile ortalama bir i\u015f\u00e7inin kazanc\u0131 aras\u0131ndaki fark, imalat sekt\u00f6r\u00fcnde etkin ve verimli y\u00f6netime verilen de\u011ferin alt\u0131n\u0131 \u00e7izmektedir; bu da operasyonel m\u00fckemmelli\u011fin ve pazarda avantajl\u0131 bir konumun s\u00fcrd\u00fcr\u00fclmesi i\u00e7in vazge\u00e7ilmezdir. Bununla birlikte, daha sonra tart\u0131\u015faca\u011f\u0131m\u0131z baz\u0131 fakt\u00f6rler bu miktar\u0131 etkilemektedir.  <\/p>\n\n\n\n<h2 class=\"wp-block-heading\">Kom\u015fu \u00dclkelerle Kar\u015f\u0131la\u015ft\u0131rmal\u0131 Analiz<\/h2>\n\n\n\n<p>Kar\u015f\u0131la\u015ft\u0131rmal\u0131 bir mercekle bak\u0131ld\u0131\u011f\u0131nda, Slovenya&#8217;da bir \u00fcretim m\u00fcd\u00fcr\u00fcn\u00fcn <strong>y\u0131ll\u0131k 45<strong>.732<\/strong> Avro<\/strong> olan maa\u015f\u0131, Portekiz, \u0130talya ve Almanya&#8217;daki \u00fccret manzaralar\u0131yla yan yana getirildi\u011finde rekabet\u00e7i bir \u00fcst\u00fcnl\u00fc\u011fe sahiptir. <a href=\"https:\/\/skyplanner.ai\/resources\/production-manager-salary-in-portugal-2023\/\">Portekiz&#8217;de bir \u00fcretim m\u00fcd\u00fcr\u00fcn\u00fcn maa\u015f\u0131 <\/a>daha y\u00fcksektir ve bu \u00fclkeyi \u00fcretim y\u00f6netiminde yetenekli profesyoneller i\u00e7in daha cazip bir manzara olarak resmetmektedir. Buna kar\u015f\u0131l\u0131k, geli\u015fen imalat sekt\u00f6r\u00fcyle <a href=\"https:\/\/skyplanner.ai\/resources\/production-manager-salary-in-germany-2023\/\">Almanya&#8217;da bir \u00fcretim m\u00fcd\u00fcr\u00fcn\u00fcn maa\u015f\u0131<\/a> daha y\u00fcksektir, ancak buna daha y\u00fcksek bir ya\u015fam maliyeti e\u015flik etmektedir. Bu arada, <a href=\"https:\/\/skyplanner.ai\/resources\/production-manager-salary-in-italy-2023\/\">\u0130talya&#8217;daki bir \u00fcretim m\u00fcd\u00fcr\u00fcn\u00fcn maa\u015f\u0131<\/a> da Slovenya&#8217;dakinden daha y\u00fcksektir, ancak bu sonuncusu daha ucuz ya\u015fam giderleriyle hala caziptir.<\/p>\n\n<\/div>\n\n<div class=\"gb-container gb-container-f7e777f3\">\n<div class=\"gb-container gb-container-0a56c9fa sticky\"><div class=\"gb-inside-container\">\n<div class=\"gb-container gb-container-eed176fc\"><div class=\"gb-inside-container\">\n<div class=\"gb-grid-wrapper gb-grid-wrapper-1b2f16ae\">\n<div class=\"gb-grid-column gb-grid-column-be655727\"><div class=\"gb-container gb-container-be655727\"><div class=\"gb-inside-container\">\n\n<figure class=\"wp-block-image size-large\"><img decoding=\"async\" width=\"1024\" height=\"685\" src=\"https:\/\/skyplanner.ai\/wp-content\/uploads\/2022\/06\/Production-planning-Straight-PNG-1-1024x685.png\" alt=\"SkyPlanner APS - Production planning and scheduling product image straight view\" class=\"wp-image-4339\" srcset=\"https:\/\/skyplanner.ai\/wp-content\/uploads\/2022\/06\/Production-planning-Straight-PNG-1-1024x685.png 1024w, https:\/\/skyplanner.ai\/wp-content\/uploads\/2022\/06\/Production-planning-Straight-PNG-1-300x201.png 300w, https:\/\/skyplanner.ai\/wp-content\/uploads\/2022\/06\/Production-planning-Straight-PNG-1-768x514.png 768w, https:\/\/skyplanner.ai\/wp-content\/uploads\/2022\/06\/Production-planning-Straight-PNG-1-1536x1027.png 1536w, https:\/\/skyplanner.ai\/wp-content\/uploads\/2022\/06\/Production-planning-Straight-PNG-1-2048x1370.png 2048w\" sizes=\"(max-width: 1024px) 100vw, 1024px\" \/><\/figure>\n\n<\/div><\/div><\/div>\n\n<div class=\"gb-grid-column gb-grid-column-0821f9a0\"><div class=\"gb-container gb-container-0821f9a0\"><div class=\"gb-inside-container\">\n\n<h4 class=\"wp-block-heading mobile-text-center\" id=\"h-advanced-production-planning-with-ai-skyplanner-aps\" style=\"font-size:24px\">Advanced production planning with AI &#8211; SkyPlanner APS<\/h4>\n\n\n\n<p class=\"mobile-text-center\">Read more about our approach to production planning and optimization leveraging the power of AI.<\/p>\n\n\n<div class=\"gb-button-wrapper gb-button-wrapper-690cb95e\">\n\n<a class=\"gb-button gb-button-7b87a903 gb-button-text\" href=\"https:\/\/skyplanner.ai\/\" aria-label=\"Book a demo\">Production planning with AI<\/a>\n\n<\/div>\n<\/div><\/div><\/div>\n<\/div>\n<\/div><\/div>\n<\/div><\/div>\n<\/div>\n\n<div class=\"gb-container gb-container-33d6b196\">\n\n<h2 class=\"wp-block-heading\">\u00dcretim M\u00fcd\u00fcrlerinin Maa\u015f\u0131n\u0131 Etkileyen Fakt\u00f6rler<\/h2>\n\n\n\n<ol class=\"wp-block-list\">\n<li><strong>E\u011fitim ve Deneyim: <\/strong>\u00dcretim y\u00f6netimi alan\u0131nda geni\u015f bir deneyim yelpazesi ile birlikte g\u00fc\u00e7l\u00fc e\u011fitim kimlik bilgilerine sahip bireyler daha y\u00fcksek maa\u015flar alma e\u011filimindedir. E\u011fitim ge\u00e7mi\u015fleri bilginin temelini olu\u015ftururken, uygulamal\u0131 deneyimleri onlar\u0131 \u00fcretim s\u00fcre\u00e7lerinin inceliklerini verimli bir \u015fekilde y\u00f6nlendirmek i\u00e7in pratik i\u00e7g\u00f6r\u00fclerle donat\u0131yor. Sonu\u00e7 olarak, i\u015fverenler genellikle operasyonel m\u00fckemmellik i\u00e7in uzmanl\u0131klar\u0131ndan yararlanmak \u00fczere bu t\u00fcr deneyimli profesyonellere daha iyi \u00fccretler sunmaya isteklidir.  <\/li>\n\n\n\n<li><strong>Beceriler: <\/strong>Bir \u00fcretim m\u00fcd\u00fcr\u00fcn\u00fcn masaya getirdi\u011fi beceri seti, kazan\u00e7lar\u0131n\u0131 \u00f6nemli \u00f6l\u00e7\u00fcde etkiler. Problem \u00e7\u00f6zme, zaman y\u00f6netimi ve \u00fcretim s\u00fcre\u00e7lerini derinlemesine anlama gibi temel beceriler \u00e7ok de\u011ferlidir. \u00dcretim darbo\u011fazlar\u0131n\u0131 giderme, s\u0131k\u0131 programlar\u0131 y\u00f6netme ve sorunsuz i\u015f ak\u0131\u015f\u0131 sa\u011flama konusunda becerikli bir y\u00f6netici genellikle bir varl\u0131k olarak g\u00f6r\u00fcl\u00fcr ve bu nedenle daha y\u00fcksek bir maa\u015f al\u0131r.  <\/li>\n\n\n\n<li><strong>Konum: <\/strong>Co\u011frafi konum, Slovenya&#8217;da bir \u00fcretim m\u00fcd\u00fcr\u00fcn\u00fcn maa\u015f\u0131n\u0131 belirleyen bir di\u011fer unsurdur. Kentsel b\u00f6lgelerde yer alan \u00fcretim birimleri, bu b\u00f6lgelerdeki y\u00fcksek ya\u015fam maliyetini yans\u0131tacak \u015fekilde daha y\u00fcksek \u00fccretler sunma e\u011filimindedir. \u015eehir merkezleri genellikle b\u00fcy\u00fck imalat firmalar\u0131na ev sahipli\u011fi yapar ve en iyi yetenekleri \u00e7ekmek ve elde tutmak i\u00e7in daha kazan\u00e7l\u0131 mali paketler sunar. \u00d6te yandan, ya\u015fam maliyetinin nispeten daha d\u00fc\u015f\u00fck oldu\u011fu k\u0131rsal b\u00f6lgeler daha d\u00fc\u015f\u00fck maa\u015f paketleri sunabilir.   <\/li>\n\n\n\n<li><strong>\u015eirketin B\u00fcy\u00fckl\u00fc\u011f\u00fc: <\/strong>Bir \u015firketin b\u00fcy\u00fckl\u00fc\u011f\u00fc ve mali durumu, \u00fcretim m\u00fcd\u00fcrlerinin maa\u015f yap\u0131s\u0131n\u0131 do\u011frudan etkiler. Kapsaml\u0131 \u00fcretim faaliyetlerine sahip daha dev \u015firketler genellikle daha rekabet\u00e7i maa\u015flar sunabilecek mali g\u00fcce sahiptir. \u0130malat sekt\u00f6r\u00fcndeki bu b\u00fcy\u00fck oyuncular, sorunsuz operasyonlar sa\u011flamak i\u00e7in deneyimli \u00fcretim y\u00f6neticilerini cezbetmeye \u00e7al\u0131\u015f\u0131yor ve bu nedenle \u00fcst d\u00fczey yeteneklere yat\u0131r\u0131m yapmaya istekli.  <\/li>\n\n\n\n<li><strong>\u015eirket T\u00fcr\u00fc: <\/strong>Bir \u015firketin ait oldu\u011fu end\u00fcstri sekt\u00f6r\u00fc de \u00fcretim m\u00fcd\u00fcrleri i\u00e7in maa\u015f ortam\u0131n\u0131 \u015fekillendirir. \u00d6rne\u011fin, \u00fcst d\u00fczey \u00fcretim yapan bir teknoloji \u015firketi, bir tekstil \u015firketine k\u0131yasla daha y\u00fcksek bir maa\u015f sunabilir. Teknoloji odakl\u0131 \u015firketlerde kullan\u0131lan karma\u015f\u0131k \u00fcretim hatlar\u0131 ve en son teknolojiler genellikle daha y\u00fcksek d\u00fczeyde uzmanl\u0131k ve y\u00f6netim zekas\u0131 gerektirmekte, dolay\u0131s\u0131yla bu t\u00fcr kurulu\u015flarda \u00fcretim m\u00fcd\u00fcrlerine sunulan daha y\u00fcksek \u00fccretleri hakl\u0131 \u00e7\u0131karmaktad\u0131r. Tersine, ayn\u0131 derecede \u00f6nemli olsa da, tekstil \u015firketleri daha az karma\u015f\u0131k operasyonlara sahip olabilir ve dolay\u0131s\u0131yla \u00fcretim m\u00fcd\u00fcrlerine biraz daha d\u00fc\u015f\u00fck bir maa\u015f paketi sunabilir.   <\/li>\n<\/ol>\n\n\n\n<figure class=\"wp-block-image size-large\"><img decoding=\"async\" width=\"1024\" height=\"302\" src=\"https:\/\/skyplanner.ai\/wp-content\/uploads\/2022\/06\/Solutions-header-Flat-PNG-1024x302.png\" alt=\"SkyPlanner Geli&#x15F;mi&#x15F; Planlama ve &#xC7;izelgeleme &#xDC;retim sorunlar&#x131;na &#xE7;&#xF6;z&#xFC;mler\" class=\"wp-image-4232\" srcset=\"https:\/\/skyplanner.ai\/wp-content\/uploads\/2022\/06\/Solutions-header-Flat-PNG-1024x302.png 1024w, https:\/\/skyplanner.ai\/wp-content\/uploads\/2022\/06\/Solutions-header-Flat-PNG-300x88.png 300w, https:\/\/skyplanner.ai\/wp-content\/uploads\/2022\/06\/Solutions-header-Flat-PNG-768x226.png 768w, https:\/\/skyplanner.ai\/wp-content\/uploads\/2022\/06\/Solutions-header-Flat-PNG-1536x452.png 1536w, https:\/\/skyplanner.ai\/wp-content\/uploads\/2022\/06\/Solutions-header-Flat-PNG-2048x603.png 2048w\" sizes=\"(max-width: 1024px) 100vw, 1024px\" \/><\/figure>\n\n\n\n<h2 class=\"wp-block-heading\">\u00dcretim M\u00fcd\u00fcr\u00fcn\u00fcn Rol\u00fcn\u00fcn Ortaya \u00c7\u0131kar\u0131lmas\u0131<\/h2>\n\n\n\n<p>Bir \u00dcretim M\u00fcd\u00fcr\u00fc, bir \u00fcretim kurulumunda \u00e7ok \u00f6nemlidir ve her \u015feyin ba\u015ftan sona sorunsuz \u00e7al\u0131\u015fmas\u0131n\u0131 sa\u011flar. Maliyetleri kontrol alt\u0131nda tutarken \u00fcr\u00fcnlerin do\u011fru ve zaman\u0131nda haz\u0131r olmas\u0131n\u0131 sa\u011flamak i\u00e7in \u00fcretim faaliyetlerini planlar ve denetlerler. Ayr\u0131ca al\u0131m, sat\u0131m ve \u00e7al\u0131\u015fma alan\u0131n\u0131n g\u00fcvenli olmas\u0131n\u0131 sa\u011flamak gibi farkl\u0131 ekiplerle yak\u0131n bir \u015fekilde \u00e7al\u0131\u015f\u0131rlar. G\u00f6revleri sorunlar\u0131 \u00e7\u00f6zmek, insanlar\u0131 y\u00f6netmek ve \u00fcretim s\u00fcrecinin m\u00fcmk\u00fcn oldu\u011funca verimli olmas\u0131n\u0131 sa\u011flayarak \u015firketin ba\u015far\u0131s\u0131na katk\u0131da bulunmakt\u0131r. \u0130\u015fte temel sorumluluklardan baz\u0131lar\u0131:    <\/p>\n\n\n\n<ul class=\"wp-block-list\">\n<li><strong>Maliyet etkinli\u011fi:<\/strong> Y\u00f6neticiler, \u00fcretimin \u00f6ng\u00f6r\u00fclen finansal parametreler i\u00e7inde kalmas\u0131n\u0131 sa\u011flamak i\u00e7in b\u00fct\u00e7eleri s\u00fcrekli olarak izler ve her zaman verimlili\u011fi ve karl\u0131l\u0131\u011f\u0131 art\u0131racak yollar arar.<\/li>\n\n\n\n<li><strong>G\u00fcvenlik Protokollerinin Sa\u011flanmas\u0131:<\/strong> G\u00fcvenli bir \u00e7al\u0131\u015fma ortam\u0131n\u0131n sa\u011flanmas\u0131 her \u015feyden \u00f6nemlidir. \u00dcretim m\u00fcd\u00fcrleri g\u00fcvenlik standartlar\u0131n\u0131 korur, makinelerin bak\u0131m\u0131n\u0131 sa\u011flar ve d\u00fczenli g\u00fcvenlik tatbikatlar\u0131n\u0131 koordine eder. <\/li>\n\n\n\n<li><strong>\u0130\u015fbirli\u011fi ve Koordinasyon:<\/strong> \u00dcr\u00fcnlerin \u00fcretimden pazara sorunsuz bir \u015fekilde ge\u00e7i\u015fini sa\u011flamak i\u00e7in sat\u0131n alma, lojistik ve sat\u0131\u015f gibi departmanlarla i\u015fbirli\u011fi k\u00fclt\u00fcr\u00fc te\u015fvik edilir.<\/li>\n\n\n\n<li><strong>Modern Ara\u00e7lar\u0131n Entegrasyonu:<\/strong> \u00c7a\u011fda\u015f \u00fcretim alanlar\u0131 teknolojiyle geli\u015fiyor. \u00dcretim y\u00f6neticileri, \u00fcretim planlamas\u0131n\u0131 ve verimlili\u011fi art\u0131rmak i\u00e7in ba\u015fta <a href=\"https:\/\/skyplanner.ai\/tr\/\">APS sistemi<\/a> olmak \u00fczere ara\u00e7lar\u0131n dahil edilmesini denetlemektedir. <\/li>\n<\/ul>\n\n\n\n<h2 class=\"wp-block-heading\">Bir \u00dcretim M\u00fcd\u00fcr\u00fc i\u00e7in Temel Beceriler<\/h2>\n\n\n\n<ol class=\"wp-block-list\">\n<li>G\u00fc\u00e7l\u00fc liderlik yetenekleri<\/li>\n\n\n\n<li>Problem \u00e7\u00f6zme becerileri<\/li>\n\n\n\n<li>\u00dcretim s\u00fcre\u00e7leri hakk\u0131nda bilgi<\/li>\n\n\n\n<li>B\u00fct\u00e7e y\u00f6netme becerisi<\/li>\n\n\n\n<li>Zaman y\u00f6netimi<\/li>\n\n\n\n<li>Sa\u011fl\u0131k ve g\u00fcvenlik y\u00f6netmelikleri hakk\u0131nda bilgi<\/li>\n\n\n\n<li>Teknik bilgi birikimi<\/li>\n\n\n\n<li>Etkili ileti\u015fim becerileri<\/li>\n<\/ol>\n\n\n\n<h2 class=\"wp-block-heading\" id=\"h-benefits-beyond-the-salary-in-slovenia-for-a-production-manager-in-2026\">Slovenya&#8217;da 2026 Y\u0131l\u0131nda Bir \u00dcretim M\u00fcd\u00fcr\u00fc \u0130\u00e7in Maa\u015f\u0131n \u00d6tesinde Avantajlar<\/h2>\n\n\n\n<ol class=\"wp-block-list\">\n<li>\u0130malat sekt\u00f6r\u00fcndeki s\u00fcrekli b\u00fcy\u00fcme nedeniyle \u0130\u015f G\u00fcvenli\u011fi.<\/li>\n\n\n\n<li>Mesleki Geli\u015fim i\u00e7in F\u0131rsatlar.<\/li>\n\n\n\n<li>Sa\u011fl\u0131k ve Emeklilik Yard\u0131mlar\u0131.<\/li>\n\n\n\n<li>Geni\u015fleyen sanayi sekt\u00f6r\u00fc i\u00e7inde A\u011f Kurma F\u0131rsatlar\u0131.<\/li>\n<\/ol>\n\n\n\n<h2 class=\"wp-block-heading\">Slovenya&#8217;da Bir \u00dcretim M\u00fcd\u00fcr\u00fcn\u00fcn Gelecek Beklentileri<\/h2>\n\n\n\n<p>Slovenya&#8217;da imalat alan\u0131 b\u00fcy\u00fcmektedir. Bu b\u00fcy\u00fcme ger\u00e7ekle\u015ftik\u00e7e, yetenekli \u00fcretim y\u00f6neticilerine g\u00fc\u00e7l\u00fc bir ihtiya\u00e7 duyulmaya devam edecektir. Modern ara\u00e7lar\u0131n kullan\u0131lmas\u0131, \u00fcretimin daha sorunsuz hale getirilmesine \u00f6nemli \u00f6l\u00e7\u00fcde yard\u0131mc\u0131 olabilir ve bu da bir \u00fcretim m\u00fcd\u00fcr\u00fcn\u00fcn rol\u00fcn\u00fc \u00e7ok \u00f6nemli hale getirir. Skyplanner gibi yapay zeka ara\u00e7lar\u0131n\u0131n eklenmesi de i\u015flerin nas\u0131l y\u00fcr\u00fcd\u00fc\u011f\u00fcn\u00fc iyile\u015ftirmeye yard\u0131mc\u0131 olabilir ve Slovenya&#8217;daki \u00fcretim y\u00f6neticileri i\u00e7in gelece\u011fi uygun hale getirebilir.   <\/p>\n\n<\/div>\n\n<div class=\"gb-container gb-container-92545123\">\n<div class=\"gb-grid-wrapper gb-grid-wrapper-0a61546f\">\n<div class=\"gb-grid-column gb-grid-column-e4183086\"><div class=\"gb-container gb-container-e4183086\">\n\n<\/div><\/div>\n\n<div class=\"gb-grid-column gb-grid-column-84ccbb5d\"><div class=\"gb-container gb-container-84ccbb5d\">\n\n<\/div><\/div>\n<\/div>\n<\/div>\n<\/div>","protected":false},"excerpt":{"rendered":"<p>Slovenya&#8217;da \u00dcretim M\u00fcd\u00fcr\u00fc Maa\u015f\u0131 2026 Home &#8221; Kaynaklar &#8221; Slovenya&#8217;da \u00dcretim M\u00fcd\u00fcr\u00fc Maa\u015flar\u0131 2026 Slovenya&#8217;da bir \u00fcretim m\u00fcd\u00fcr\u00fcn\u00fcn maa\u015f\u0131 y\u0131ll\u0131k 45.732 \u20ac civar\u0131ndad\u0131r ve bu da her ay 3.811 \u20ac&#8217;ya denk gelmektedir. 2026 y\u0131l\u0131nda Slovenya&#8217;daki imalat sekt\u00f6r\u00fc, hem teknolojik ilerlemeler hem de pazar dinamikleri nedeniyle \u00f6nemli bir evrim ge\u00e7irmekte ve bu da iyi e\u011fitimli \u00fcretim &#8230; <a title=\"Slovenya&#8217;da \u00dcretim M\u00fcd\u00fcr\u00fc Maa\u015f\u0131 2026\" class=\"read-more\" href=\"https:\/\/skyplanner.ai\/tr\/kaynaklar\/slovenyada-uretim-muduru-maasi-2026\/\" aria-label=\"Read more about Slovenya&#8217;da \u00dcretim M\u00fcd\u00fcr\u00fc Maa\u015f\u0131 2026\">Read more<\/a><\/p>\n","protected":false},"author":6,"featured_media":22222,"comment_status":"closed","ping_status":"closed","sticky":false,"template":"","format":"standard","meta":{"inline_featured_image":false,"_uag_custom_page_level_css":"","footnotes":""},"categories":[314],"tags":[],"class_list":["post-22500","post","type-post","status-publish","format-standard","has-post-thumbnail","hentry","category-kaynaklar","generate-columns","tablet-grid-50","mobile-grid-100","grid-parent","grid-33"],"acf":[],"yoast_head":"<!-- This site is optimized with the Yoast SEO Premium plugin v26.9 (Yoast SEO v27.0) - https:\/\/yoast.com\/product\/yoast-seo-premium-wordpress\/ -->\n<title>Slovenya&#039;da \u00dcretim M\u00fcd\u00fcr\u00fc Maa\u015f\u0131 2026 &#8211; SkyPlanner<\/title>\n<meta name=\"description\" content=\"Slovenya&#039;da bir \u00fcretim m\u00fcd\u00fcr\u00fcn\u00fcn maa\u015f\u0131 y\u0131ll\u0131k 45.732 \u20ac civar\u0131ndad\u0131r ve bu da her ay 3.811 \u20ac&#039;ya denk gelmektedir.\" \/>\n<meta name=\"robots\" content=\"index, follow, max-snippet:-1, max-image-preview:large, max-video-preview:-1\" \/>\n<link rel=\"canonical\" href=\"https:\/\/skyplanner.ai\/tr\/kaynaklar\/slovenyada-uretim-muduru-maasi-2026\/\" \/>\n<meta property=\"og:locale\" content=\"tr_TR\" \/>\n<meta property=\"og:type\" content=\"article\" \/>\n<meta property=\"og:title\" content=\"Slovenya&#039;da \u00dcretim M\u00fcd\u00fcr\u00fc Maa\u015f\u0131 2026\" \/>\n<meta property=\"og:description\" content=\"Slovenya&#039;da bir \u00fcretim m\u00fcd\u00fcr\u00fcn\u00fcn maa\u015f\u0131 y\u0131ll\u0131k 45.732 \u20ac civar\u0131ndad\u0131r ve bu da her ay 3.811 \u20ac&#039;ya denk gelmektedir.\" \/>\n<meta property=\"og:url\" content=\"https:\/\/skyplanner.ai\/tr\/kaynaklar\/slovenyada-uretim-muduru-maasi-2026\/\" \/>\n<meta property=\"og:site_name\" content=\"SkyPlanner\" \/>\n<meta property=\"article:published_time\" content=\"2023-09-27T14:48:54+00:00\" \/>\n<meta property=\"article:modified_time\" content=\"2025-07-25T13:43:35+00:00\" \/>\n<meta property=\"og:image\" content=\"https:\/\/skyplanner.ai\/wp-content\/uploads\/2023\/09\/Production-Manager-Salary-in-Slovenia-1024x683.png\" \/>\n\t<meta property=\"og:image:width\" content=\"1024\" \/>\n\t<meta property=\"og:image:height\" content=\"683\" \/>\n\t<meta property=\"og:image:type\" content=\"image\/png\" \/>\n<meta name=\"author\" content=\"SkyPlanner\" \/>\n<meta name=\"twitter:card\" content=\"summary_large_image\" \/>\n<meta name=\"twitter:label1\" content=\"Yazan:\" \/>\n\t<meta name=\"twitter:data1\" content=\"SkyPlanner\" \/>\n\t<meta name=\"twitter:label2\" content=\"Tahmini okuma s\u00fcresi\" \/>\n\t<meta name=\"twitter:data2\" content=\"10 dakika\" \/>\n<script type=\"application\/ld+json\" class=\"yoast-schema-graph\">{\"@context\":\"https:\/\/schema.org\",\"@graph\":[{\"@type\":\"Article\",\"@id\":\"https:\/\/skyplanner.ai\/tr\/kaynaklar\/slovenyada-uretim-muduru-maasi-2026\/#article\",\"isPartOf\":{\"@id\":\"https:\/\/skyplanner.ai\/tr\/kaynaklar\/slovenyada-uretim-muduru-maasi-2026\/\"},\"author\":{\"name\":\"SkyPlanner\",\"@id\":\"https:\/\/skyplanner.ai\/tr\/#\/schema\/person\/9122a7382a3a91f77e5ed0207811724a\"},\"headline\":\"Slovenya&#8217;da \u00dcretim M\u00fcd\u00fcr\u00fc Maa\u015f\u0131 2026\",\"datePublished\":\"2023-09-27T14:48:54+00:00\",\"dateModified\":\"2025-07-25T13:43:35+00:00\",\"mainEntityOfPage\":{\"@id\":\"https:\/\/skyplanner.ai\/tr\/kaynaklar\/slovenyada-uretim-muduru-maasi-2026\/\"},\"wordCount\":1421,\"publisher\":{\"@id\":\"https:\/\/skyplanner.ai\/tr\/#organization\"},\"image\":{\"@id\":\"https:\/\/skyplanner.ai\/tr\/kaynaklar\/slovenyada-uretim-muduru-maasi-2026\/#primaryimage\"},\"thumbnailUrl\":\"https:\/\/skyplanner.ai\/wp-content\/uploads\/2023\/09\/Production-Manager-Salary-in-Slovenia.png\",\"articleSection\":[\"Kaynaklar\"],\"inLanguage\":\"tr\"},{\"@type\":\"WebPage\",\"@id\":\"https:\/\/skyplanner.ai\/tr\/kaynaklar\/slovenyada-uretim-muduru-maasi-2026\/\",\"url\":\"https:\/\/skyplanner.ai\/tr\/kaynaklar\/slovenyada-uretim-muduru-maasi-2026\/\",\"name\":\"Slovenya'da \u00dcretim M\u00fcd\u00fcr\u00fc Maa\u015f\u0131 2026 &#8211; SkyPlanner\",\"isPartOf\":{\"@id\":\"https:\/\/skyplanner.ai\/tr\/#website\"},\"primaryImageOfPage\":{\"@id\":\"https:\/\/skyplanner.ai\/tr\/kaynaklar\/slovenyada-uretim-muduru-maasi-2026\/#primaryimage\"},\"image\":{\"@id\":\"https:\/\/skyplanner.ai\/tr\/kaynaklar\/slovenyada-uretim-muduru-maasi-2026\/#primaryimage\"},\"thumbnailUrl\":\"https:\/\/skyplanner.ai\/wp-content\/uploads\/2023\/09\/Production-Manager-Salary-in-Slovenia.png\",\"datePublished\":\"2023-09-27T14:48:54+00:00\",\"dateModified\":\"2025-07-25T13:43:35+00:00\",\"description\":\"Slovenya'da bir \u00fcretim m\u00fcd\u00fcr\u00fcn\u00fcn maa\u015f\u0131 y\u0131ll\u0131k 45.732 \u20ac civar\u0131ndad\u0131r ve bu da her ay 3.811 \u20ac'ya denk gelmektedir.\",\"breadcrumb\":{\"@id\":\"https:\/\/skyplanner.ai\/tr\/kaynaklar\/slovenyada-uretim-muduru-maasi-2026\/#breadcrumb\"},\"inLanguage\":\"tr\",\"potentialAction\":[{\"@type\":\"ReadAction\",\"target\":[\"https:\/\/skyplanner.ai\/tr\/kaynaklar\/slovenyada-uretim-muduru-maasi-2026\/\"]}]},{\"@type\":\"ImageObject\",\"inLanguage\":\"tr\",\"@id\":\"https:\/\/skyplanner.ai\/tr\/kaynaklar\/slovenyada-uretim-muduru-maasi-2026\/#primaryimage\",\"url\":\"https:\/\/skyplanner.ai\/wp-content\/uploads\/2023\/09\/Production-Manager-Salary-in-Slovenia.png\",\"contentUrl\":\"https:\/\/skyplanner.ai\/wp-content\/uploads\/2023\/09\/Production-Manager-Salary-in-Slovenia.png\",\"width\":4990,\"height\":3327,\"caption\":\"Production Manager Salary in Slovenia\"},{\"@type\":\"BreadcrumbList\",\"@id\":\"https:\/\/skyplanner.ai\/tr\/kaynaklar\/slovenyada-uretim-muduru-maasi-2026\/#breadcrumb\",\"itemListElement\":[{\"@type\":\"ListItem\",\"position\":1,\"name\":\"Home\",\"item\":\"https:\/\/skyplanner.ai\/tr\/\"},{\"@type\":\"ListItem\",\"position\":2,\"name\":\"Slovenya&#8217;da \u00dcretim M\u00fcd\u00fcr\u00fc Maa\u015f\u0131 2025\"}]},{\"@type\":\"WebSite\",\"@id\":\"https:\/\/skyplanner.ai\/tr\/#website\",\"url\":\"https:\/\/skyplanner.ai\/tr\/\",\"name\":\"SkyPlanner\",\"description\":\"AI-powered production scheduling and planning software\",\"publisher\":{\"@id\":\"https:\/\/skyplanner.ai\/tr\/#organization\"},\"potentialAction\":[{\"@type\":\"SearchAction\",\"target\":{\"@type\":\"EntryPoint\",\"urlTemplate\":\"https:\/\/skyplanner.ai\/tr\/?s={search_term_string}\"},\"query-input\":{\"@type\":\"PropertyValueSpecification\",\"valueRequired\":true,\"valueName\":\"search_term_string\"}}],\"inLanguage\":\"tr\"},{\"@type\":\"Organization\",\"@id\":\"https:\/\/skyplanner.ai\/tr\/#organization\",\"name\":\"SkyPlanner APS\",\"url\":\"https:\/\/skyplanner.ai\/tr\/\",\"logo\":{\"@type\":\"ImageObject\",\"inLanguage\":\"tr\",\"@id\":\"https:\/\/skyplanner.ai\/tr\/#\/schema\/logo\/image\/\",\"url\":\"https:\/\/skyplanner.ai\/wp-content\/uploads\/2022\/05\/Skyplanner-logo-2.svg\",\"contentUrl\":\"https:\/\/skyplanner.ai\/wp-content\/uploads\/2022\/05\/Skyplanner-logo-2.svg\",\"width\":223,\"height\":43,\"caption\":\"SkyPlanner APS\"},\"image\":{\"@id\":\"https:\/\/skyplanner.ai\/tr\/#\/schema\/logo\/image\/\"},\"sameAs\":[\"https:\/\/www.linkedin.com\/company\/skyplanner-aps\/\",\"https:\/\/www.youtube.com\/@SkyPlannerAPS\",\"https:\/\/www.capterra.com\/p\/265911\/SkyPlanner-APS\/\",\"https:\/\/www.trustradius.com\/products\/skyplanner-aps\/reviews\",\"https:\/\/www.saasworthy.com\/product\/skyplanner-aps\",\"https:\/\/sourceforge.net\/software\/product\/SkyPlanner-APS\/\",\"https:\/\/www.g2.com\/products\/skyplanner-aps\/\",\"https:\/\/www.getapp.com\/project-management-planning-software\/a\/skyplanner-aps\/\",\"https:\/\/www.softwareadvice.com\/cmms\/skyplanner-aps-profile\/\"],\"description\":\"AI-powered production scheduling and planning software for manufacturing\",\"foundingDate\":\"1997\",\"legalName\":\"Skycode Oy\",\"alternateName\":\"SkyPlanner\",\"knowsAbout\":[\"Production Scheduling\",\"Advanced Planning and Scheduling\",\"Manufacturing AI\",\"Finite Capacity Scheduling\",\"ERP Integration\"],\"areaServed\":\"Worldwide\",\"contactPoint\":{\"@type\":\"ContactPoint\",\"contactType\":\"sales\",\"url\":\"https:\/\/skyplanner.ai\/trial\/\"}},{\"@type\":\"Person\",\"@id\":\"https:\/\/skyplanner.ai\/tr\/#\/schema\/person\/9122a7382a3a91f77e5ed0207811724a\",\"name\":\"SkyPlanner\",\"image\":{\"@type\":\"ImageObject\",\"inLanguage\":\"tr\",\"@id\":\"https:\/\/skyplanner.ai\/tr\/#\/schema\/person\/image\/\",\"url\":\"https:\/\/secure.gravatar.com\/avatar\/b7d00e63bfb49c23e740cab317acbfb7287b7fa23d51b75e89a6659494daa9dd?s=96&d=mm&r=g\",\"contentUrl\":\"https:\/\/secure.gravatar.com\/avatar\/b7d00e63bfb49c23e740cab317acbfb7287b7fa23d51b75e89a6659494daa9dd?s=96&d=mm&r=g\",\"caption\":\"SkyPlanner\"}}]}<\/script>\n<!-- \/ Yoast SEO Premium plugin. -->","yoast_head_json":{"title":"Slovenya'da \u00dcretim M\u00fcd\u00fcr\u00fc Maa\u015f\u0131 2026 &#8211; SkyPlanner","description":"Slovenya'da bir \u00fcretim m\u00fcd\u00fcr\u00fcn\u00fcn maa\u015f\u0131 y\u0131ll\u0131k 45.732 \u20ac civar\u0131ndad\u0131r ve bu da her ay 3.811 \u20ac'ya denk gelmektedir.","robots":{"index":"index","follow":"follow","max-snippet":"max-snippet:-1","max-image-preview":"max-image-preview:large","max-video-preview":"max-video-preview:-1"},"canonical":"https:\/\/skyplanner.ai\/tr\/kaynaklar\/slovenyada-uretim-muduru-maasi-2026\/","og_locale":"tr_TR","og_type":"article","og_title":"Slovenya'da \u00dcretim M\u00fcd\u00fcr\u00fc Maa\u015f\u0131 2026","og_description":"Slovenya'da bir \u00fcretim m\u00fcd\u00fcr\u00fcn\u00fcn maa\u015f\u0131 y\u0131ll\u0131k 45.732 \u20ac civar\u0131ndad\u0131r ve bu da her ay 3.811 \u20ac'ya denk gelmektedir.","og_url":"https:\/\/skyplanner.ai\/tr\/kaynaklar\/slovenyada-uretim-muduru-maasi-2026\/","og_site_name":"SkyPlanner","article_published_time":"2023-09-27T14:48:54+00:00","article_modified_time":"2025-07-25T13:43:35+00:00","og_image":[{"width":1024,"height":683,"url":"https:\/\/skyplanner.ai\/wp-content\/uploads\/2023\/09\/Production-Manager-Salary-in-Slovenia-1024x683.png","type":"image\/png"}],"author":"SkyPlanner","twitter_card":"summary_large_image","twitter_misc":{"Yazan:":"SkyPlanner","Tahmini okuma s\u00fcresi":"10 dakika"},"schema":{"@context":"https:\/\/schema.org","@graph":[{"@type":"Article","@id":"https:\/\/skyplanner.ai\/tr\/kaynaklar\/slovenyada-uretim-muduru-maasi-2026\/#article","isPartOf":{"@id":"https:\/\/skyplanner.ai\/tr\/kaynaklar\/slovenyada-uretim-muduru-maasi-2026\/"},"author":{"name":"SkyPlanner","@id":"https:\/\/skyplanner.ai\/tr\/#\/schema\/person\/9122a7382a3a91f77e5ed0207811724a"},"headline":"Slovenya&#8217;da \u00dcretim M\u00fcd\u00fcr\u00fc Maa\u015f\u0131 2026","datePublished":"2023-09-27T14:48:54+00:00","dateModified":"2025-07-25T13:43:35+00:00","mainEntityOfPage":{"@id":"https:\/\/skyplanner.ai\/tr\/kaynaklar\/slovenyada-uretim-muduru-maasi-2026\/"},"wordCount":1421,"publisher":{"@id":"https:\/\/skyplanner.ai\/tr\/#organization"},"image":{"@id":"https:\/\/skyplanner.ai\/tr\/kaynaklar\/slovenyada-uretim-muduru-maasi-2026\/#primaryimage"},"thumbnailUrl":"https:\/\/skyplanner.ai\/wp-content\/uploads\/2023\/09\/Production-Manager-Salary-in-Slovenia.png","articleSection":["Kaynaklar"],"inLanguage":"tr"},{"@type":"WebPage","@id":"https:\/\/skyplanner.ai\/tr\/kaynaklar\/slovenyada-uretim-muduru-maasi-2026\/","url":"https:\/\/skyplanner.ai\/tr\/kaynaklar\/slovenyada-uretim-muduru-maasi-2026\/","name":"Slovenya'da \u00dcretim M\u00fcd\u00fcr\u00fc Maa\u015f\u0131 2026 &#8211; SkyPlanner","isPartOf":{"@id":"https:\/\/skyplanner.ai\/tr\/#website"},"primaryImageOfPage":{"@id":"https:\/\/skyplanner.ai\/tr\/kaynaklar\/slovenyada-uretim-muduru-maasi-2026\/#primaryimage"},"image":{"@id":"https:\/\/skyplanner.ai\/tr\/kaynaklar\/slovenyada-uretim-muduru-maasi-2026\/#primaryimage"},"thumbnailUrl":"https:\/\/skyplanner.ai\/wp-content\/uploads\/2023\/09\/Production-Manager-Salary-in-Slovenia.png","datePublished":"2023-09-27T14:48:54+00:00","dateModified":"2025-07-25T13:43:35+00:00","description":"Slovenya'da bir \u00fcretim m\u00fcd\u00fcr\u00fcn\u00fcn maa\u015f\u0131 y\u0131ll\u0131k 45.732 \u20ac civar\u0131ndad\u0131r ve bu da her ay 3.811 \u20ac'ya denk gelmektedir.","breadcrumb":{"@id":"https:\/\/skyplanner.ai\/tr\/kaynaklar\/slovenyada-uretim-muduru-maasi-2026\/#breadcrumb"},"inLanguage":"tr","potentialAction":[{"@type":"ReadAction","target":["https:\/\/skyplanner.ai\/tr\/kaynaklar\/slovenyada-uretim-muduru-maasi-2026\/"]}]},{"@type":"ImageObject","inLanguage":"tr","@id":"https:\/\/skyplanner.ai\/tr\/kaynaklar\/slovenyada-uretim-muduru-maasi-2026\/#primaryimage","url":"https:\/\/skyplanner.ai\/wp-content\/uploads\/2023\/09\/Production-Manager-Salary-in-Slovenia.png","contentUrl":"https:\/\/skyplanner.ai\/wp-content\/uploads\/2023\/09\/Production-Manager-Salary-in-Slovenia.png","width":4990,"height":3327,"caption":"Production Manager Salary in Slovenia"},{"@type":"BreadcrumbList","@id":"https:\/\/skyplanner.ai\/tr\/kaynaklar\/slovenyada-uretim-muduru-maasi-2026\/#breadcrumb","itemListElement":[{"@type":"ListItem","position":1,"name":"Home","item":"https:\/\/skyplanner.ai\/tr\/"},{"@type":"ListItem","position":2,"name":"Slovenya&#8217;da \u00dcretim M\u00fcd\u00fcr\u00fc Maa\u015f\u0131 2025"}]},{"@type":"WebSite","@id":"https:\/\/skyplanner.ai\/tr\/#website","url":"https:\/\/skyplanner.ai\/tr\/","name":"SkyPlanner","description":"AI-powered production scheduling and planning software","publisher":{"@id":"https:\/\/skyplanner.ai\/tr\/#organization"},"potentialAction":[{"@type":"SearchAction","target":{"@type":"EntryPoint","urlTemplate":"https:\/\/skyplanner.ai\/tr\/?s={search_term_string}"},"query-input":{"@type":"PropertyValueSpecification","valueRequired":true,"valueName":"search_term_string"}}],"inLanguage":"tr"},{"@type":"Organization","@id":"https:\/\/skyplanner.ai\/tr\/#organization","name":"SkyPlanner APS","url":"https:\/\/skyplanner.ai\/tr\/","logo":{"@type":"ImageObject","inLanguage":"tr","@id":"https:\/\/skyplanner.ai\/tr\/#\/schema\/logo\/image\/","url":"https:\/\/skyplanner.ai\/wp-content\/uploads\/2022\/05\/Skyplanner-logo-2.svg","contentUrl":"https:\/\/skyplanner.ai\/wp-content\/uploads\/2022\/05\/Skyplanner-logo-2.svg","width":223,"height":43,"caption":"SkyPlanner APS"},"image":{"@id":"https:\/\/skyplanner.ai\/tr\/#\/schema\/logo\/image\/"},"sameAs":["https:\/\/www.linkedin.com\/company\/skyplanner-aps\/","https:\/\/www.youtube.com\/@SkyPlannerAPS","https:\/\/www.capterra.com\/p\/265911\/SkyPlanner-APS\/","https:\/\/www.trustradius.com\/products\/skyplanner-aps\/reviews","https:\/\/www.saasworthy.com\/product\/skyplanner-aps","https:\/\/sourceforge.net\/software\/product\/SkyPlanner-APS\/","https:\/\/www.g2.com\/products\/skyplanner-aps\/","https:\/\/www.getapp.com\/project-management-planning-software\/a\/skyplanner-aps\/","https:\/\/www.softwareadvice.com\/cmms\/skyplanner-aps-profile\/"],"description":"AI-powered production scheduling and planning software for manufacturing","foundingDate":"1997","legalName":"Skycode Oy","alternateName":"SkyPlanner","knowsAbout":["Production Scheduling","Advanced Planning and Scheduling","Manufacturing AI","Finite Capacity Scheduling","ERP Integration"],"areaServed":"Worldwide","contactPoint":{"@type":"ContactPoint","contactType":"sales","url":"https:\/\/skyplanner.ai\/trial\/"}},{"@type":"Person","@id":"https:\/\/skyplanner.ai\/tr\/#\/schema\/person\/9122a7382a3a91f77e5ed0207811724a","name":"SkyPlanner","image":{"@type":"ImageObject","inLanguage":"tr","@id":"https:\/\/skyplanner.ai\/tr\/#\/schema\/person\/image\/","url":"https:\/\/secure.gravatar.com\/avatar\/b7d00e63bfb49c23e740cab317acbfb7287b7fa23d51b75e89a6659494daa9dd?s=96&d=mm&r=g","contentUrl":"https:\/\/secure.gravatar.com\/avatar\/b7d00e63bfb49c23e740cab317acbfb7287b7fa23d51b75e89a6659494daa9dd?s=96&d=mm&r=g","caption":"SkyPlanner"}}]}},"uagb_featured_image_src":{"full":["https:\/\/skyplanner.ai\/wp-content\/uploads\/2023\/09\/Production-Manager-Salary-in-Slovenia.png",4990,3327,false],"thumbnail":["https:\/\/skyplanner.ai\/wp-content\/uploads\/2023\/09\/Production-Manager-Salary-in-Slovenia-150x150.png",150,150,true],"medium":["https:\/\/skyplanner.ai\/wp-content\/uploads\/2023\/09\/Production-Manager-Salary-in-Slovenia-300x200.png",300,200,true],"medium_large":["https:\/\/skyplanner.ai\/wp-content\/uploads\/2023\/09\/Production-Manager-Salary-in-Slovenia-768x512.png",768,512,true],"large":["https:\/\/skyplanner.ai\/wp-content\/uploads\/2023\/09\/Production-Manager-Salary-in-Slovenia-1024x683.png",1024,683,true],"1536x1536":["https:\/\/skyplanner.ai\/wp-content\/uploads\/2023\/09\/Production-Manager-Salary-in-Slovenia-1536x1024.png",1536,1024,true],"2048x2048":["https:\/\/skyplanner.ai\/wp-content\/uploads\/2023\/09\/Production-Manager-Salary-in-Slovenia-2048x1365.png",2048,1365,true],"betterdocs-category-thumb":["https:\/\/skyplanner.ai\/wp-content\/uploads\/2023\/09\/Production-Manager-Salary-in-Slovenia.png",360,240,false]},"uagb_author_info":{"display_name":"SkyPlanner","author_link":"https:\/\/skyplanner.ai\/tr\/author\/bettina\/"},"uagb_comment_info":0,"uagb_excerpt":"Slovenya&#8217;da \u00dcretim M\u00fcd\u00fcr\u00fc Maa\u015f\u0131 2026 Home &#8221; Kaynaklar &#8221; Slovenya&#8217;da \u00dcretim M\u00fcd\u00fcr\u00fc Maa\u015flar\u0131 2026 Slovenya&#8217;da bir \u00fcretim m\u00fcd\u00fcr\u00fcn\u00fcn maa\u015f\u0131 y\u0131ll\u0131k 45.732 \u20ac civar\u0131ndad\u0131r ve bu da her ay 3.811 \u20ac&#8217;ya denk gelmektedir. 2026 y\u0131l\u0131nda Slovenya&#8217;daki imalat sekt\u00f6r\u00fc, hem teknolojik ilerlemeler hem de pazar dinamikleri nedeniyle \u00f6nemli bir evrim ge\u00e7irmekte ve bu da iyi e\u011fitimli \u00fcretim&hellip;","_links":{"self":[{"href":"https:\/\/skyplanner.ai\/tr\/wp-json\/wp\/v2\/posts\/22500","targetHints":{"allow":["GET"]}}],"collection":[{"href":"https:\/\/skyplanner.ai\/tr\/wp-json\/wp\/v2\/posts"}],"about":[{"href":"https:\/\/skyplanner.ai\/tr\/wp-json\/wp\/v2\/types\/post"}],"author":[{"embeddable":true,"href":"https:\/\/skyplanner.ai\/tr\/wp-json\/wp\/v2\/users\/6"}],"replies":[{"embeddable":true,"href":"https:\/\/skyplanner.ai\/tr\/wp-json\/wp\/v2\/comments?post=22500"}],"version-history":[{"count":0,"href":"https:\/\/skyplanner.ai\/tr\/wp-json\/wp\/v2\/posts\/22500\/revisions"}],"wp:featuredmedia":[{"embeddable":true,"href":"https:\/\/skyplanner.ai\/tr\/wp-json\/wp\/v2\/media\/22222"}],"wp:attachment":[{"href":"https:\/\/skyplanner.ai\/tr\/wp-json\/wp\/v2\/media?parent=22500"}],"wp:term":[{"taxonomy":"category","embeddable":true,"href":"https:\/\/skyplanner.ai\/tr\/wp-json\/wp\/v2\/categories?post=22500"},{"taxonomy":"post_tag","embeddable":true,"href":"https:\/\/skyplanner.ai\/tr\/wp-json\/wp\/v2\/tags?post=22500"}],"curies":[{"name":"wp","href":"https:\/\/api.w.org\/{rel}","templated":true}]}}