{"id":24341,"date":"2023-10-04T12:50:07","date_gmt":"2023-10-04T12:50:07","guid":{"rendered":"https:\/\/skyplanner.ai\/forrasok\/gyartasvezeto-fizetes-uj-zelandon-2023\/"},"modified":"2026-03-20T19:54:21","modified_gmt":"2026-03-20T19:54:21","slug":"gyartasvezeto-fizetes-uj-zelandon-2026","status":"publish","type":"post","link":"https:\/\/skyplanner.ai\/hu\/forrasok\/gyartasvezeto-fizetes-uj-zelandon-2026\/","title":{"rendered":"Termel\u00e9si menedzser fizet\u00e9s \u00daj-Z\u00e9landon 2026"},"content":{"rendered":"<div class=\"gb-container gb-container-bf558a89 article-main-content-container\">\n\n<h1 class=\"wp-block-heading\" id=\"h-production-manager-salary-in-new-zealand-2026\">Production Manager Salary in New Zealand 2026<\/h1>\n\n\n<div class=\"gb-container gb-container-e8026af9\">\n\n<p><a href=\"https:\/\/skyplanner.ai\/\">Home<\/a>\u00a0\u00bb\u00a0<a href=\"https:\/\/skyplanner.ai\/resources\/\">Resources<\/a>\u00a0\u00bb\u00a0Production Manager Salary in New Zealand 2026<\/p>\n\n\n\n<p class=\"yoast-reading-time__wrapper\"><span class=\"yoast-reading-time__icon\"><svg xmlns=\"http:\/\/www.w3.org\/2000\/svg\" aria-hidden=\"true\" focusable=\"false\" data-icon=\"clock\" width=\"20\" height=\"20\" fill=\"none\" stroke=\"currentColor\" style=\"display:inline-block;vertical-align:-0.1em\" role=\"img\" viewbox=\"0 0 24 24\"><path stroke-linecap=\"round\" stroke-linejoin=\"round\" stroke-width=\"2\" d=\"M12 8v4l3 3m6-3a9 9 0 11-18 0 9 9 0 0118 0z\"><\/path><\/svg><\/span><span class=\"yoast-reading-time__spacer\" style=\"display:inline-block;width:1em\"><\/span><span class=\"yoast-reading-time__descriptive-text\">Becs\u00fclt olvas\u00e1si id\u0151: <\/span><span class=\"yoast-reading-time__reading-time\">11<\/span><span class=\"yoast-reading-time__time-unit\"> percek<\/span><\/p>\n\n<\/div>\n\n<div class=\"gb-container gb-container-f0fd57d0\">\n<div class=\"gb-container gb-container-31dfeab3\"><div class=\"gb-inside-container\">\n\n<p><strong>The average production manager salary in New Zealand in 2026 is around NZD 105,000 annually, translating to approximately NZD 8,750 monthly pre-tax.<\/strong><\/p>\n\n<\/div><\/div>\n\n\n<p>In 2026, New Zealand&#8217;s manufacturing sector, renowned for food processing \u2013 especially dairy products \u2013 coupled with machinery, textiles, wood, paper, and metal products, has witnessed remarkable growth. Auckland and Christchurch stand out as significant urban manufacturing hubs. This upswing has fueled a surge in the demand for adept <a href=\"https:\/\/skyplanner.ai\/resources\/production-manager-job-description\/\">production managers<\/a>. These stalwarts play an instrumental role in ensuring that production operations advance without a hitch. But, during 2026, how much does a production manager in New Zealand truly earn?<\/p>\n\n\n\n<h2 class=\"wp-block-heading\">A sz\u00e1mok leleplez\u00e9se: A fizet\u00e9sek lebont\u00e1sa<\/h2>\n\n\n\n<p>The average production manager salary in New Zealand in 2026 is approximately\u00a0<strong>NZD 105,000 annually<\/strong>, translating to around\u00a0<strong>NZD 8,750 monthly<\/strong>\u00a0pre-tax. Besides, the average wage in New Zealand touches the benchmark of\u00a0<strong>NZD <strong>68,004<\/strong> annually<\/strong>\u00a0or\u00a0<strong>NZD 5,667 monthly<\/strong>\u00a0pre-tax. While these figures present a fair estimate, the salary exhibits fluctuations based on varied factors such as the business&#8217;s domain, the city, and other dynamic elements.<\/p>\n\n\n\n<h2 class=\"wp-block-heading\">\u00d6sszehasonl\u00edt\u00f3 elemz\u00e9s a szomsz\u00e9dos orsz\u00e1gokkal<\/h2>\n\n\n\n<p>A csendes-\u00f3ce\u00e1ni t\u00e9rs\u00e9gben a termel\u00e9sir\u00e1ny\u00edt\u00f3k fizet\u00e9s\u00e9nek r\u00e9szletes vizsg\u00e1lata sor\u00e1n \u00daj-Z\u00e9land javadalmaz\u00e1sa versenyk\u00e9pesnek bizonyult. A hasonl\u00f3 \u00e9letm\u00f3ddal \u00e9s meg\u00e9lhet\u00e9si k\u00f6lts\u00e9gekkel rendelkez\u0151 <a href=\"https:\/\/skyplanner.ai\/resources\/production-manager-salary-in-australia-2023\/\">Ausztr\u00e1lia termel\u00e9si menedzser fizet\u00e9se<\/a> szorosan illeszkedik a fizet\u00e9sekhez. Ugyanakkor <a href=\"https:\/\/skyplanner.ai\/resources\/production-manager-salary-in-fiji-2023\/\">a termel\u00e9svezet\u0151 fizet\u00e9se Fidzsi-szigeteken<\/a>, tekintettel a kisebb gazdas\u00e1gra \u00e9s a meg\u00e9lhet\u00e9si k\u00f6lts\u00e9gekre, \u00e1ltal\u00e1ban alacsonyabb \u00e1tlagfizet\u00e9st jelent ugyanezen munkak\u00f6rben. Ez a h\u00e1tt\u00e9r meger\u0151s\u00edti \u00daj-Z\u00e9land poz\u00edci\u00f3j\u00e1t, mint j\u00f6vedelmez\u0151 c\u00e9lpontot azok sz\u00e1m\u00e1ra, akik a termel\u00e9sir\u00e1ny\u00edt\u00e1s ter\u00fclet\u00e9n szeretn\u00e9nek boldogulni.<\/p>\n\n<\/div>\n\n<div class=\"gb-container gb-container-f7e777f3\">\n<div class=\"gb-container gb-container-0a56c9fa sticky\"><div class=\"gb-inside-container\">\n<div class=\"gb-container gb-container-eed176fc\"><div class=\"gb-inside-container\">\n<div class=\"gb-grid-wrapper gb-grid-wrapper-1b2f16ae\">\n<div class=\"gb-grid-column gb-grid-column-be655727\"><div class=\"gb-container gb-container-be655727\"><div class=\"gb-inside-container\">\n\n<figure class=\"wp-block-image size-large\"><img decoding=\"async\" width=\"1024\" height=\"685\" src=\"https:\/\/skyplanner.ai\/wp-content\/uploads\/2022\/06\/Production-planning-Straight-PNG-1-1024x685.png\" alt=\"SkyPlanner APS - Production planning and scheduling product image straight view\" class=\"wp-image-4339\" srcset=\"https:\/\/skyplanner.ai\/wp-content\/uploads\/2022\/06\/Production-planning-Straight-PNG-1-1024x685.png 1024w, https:\/\/skyplanner.ai\/wp-content\/uploads\/2022\/06\/Production-planning-Straight-PNG-1-300x201.png 300w, https:\/\/skyplanner.ai\/wp-content\/uploads\/2022\/06\/Production-planning-Straight-PNG-1-768x514.png 768w, https:\/\/skyplanner.ai\/wp-content\/uploads\/2022\/06\/Production-planning-Straight-PNG-1-1536x1027.png 1536w, https:\/\/skyplanner.ai\/wp-content\/uploads\/2022\/06\/Production-planning-Straight-PNG-1-2048x1370.png 2048w\" sizes=\"(max-width: 1024px) 100vw, 1024px\" \/><\/figure>\n\n<\/div><\/div><\/div>\n\n<div class=\"gb-grid-column gb-grid-column-0821f9a0\"><div class=\"gb-container gb-container-0821f9a0\"><div class=\"gb-inside-container\">\n\n<h4 class=\"wp-block-heading mobile-text-center\" id=\"h-advanced-production-planning-with-ai-skyplanner-aps\" style=\"font-size:24px\">Advanced production planning with AI &#8211; SkyPlanner APS<\/h4>\n\n\n\n<p class=\"mobile-text-center\">Read more about our approach to production planning and optimization leveraging the power of AI.<\/p>\n\n\n<div class=\"gb-button-wrapper gb-button-wrapper-690cb95e\">\n\n<a class=\"gb-button gb-button-7b87a903 gb-button-text\" href=\"https:\/\/skyplanner.ai\/\" aria-label=\"Book a demo\">Production planning with AI<\/a>\n\n<\/div>\n<\/div><\/div><\/div>\n<\/div>\n<\/div><\/div>\n<\/div><\/div>\n<\/div>\n\n<div class=\"gb-container gb-container-33d6b196\">\n\n<h2 class=\"wp-block-heading\">A termel\u00e9si menedzser fizet\u00e9s\u00e9t befoly\u00e1sol\u00f3 t\u00e9nyez\u0151k \u00daj-Z\u00e9landon<\/h2>\n\n\n\n<ol class=\"wp-block-list\">\n<li><strong>Helysz\u00edn \u00e9s region\u00e1lis dinamika: <\/strong>\u00daj-Z\u00e9landon a m\u0171k\u00f6d\u00e9s helye szerinti v\u00e1ros kulcsfontoss\u00e1g\u00fa a termel\u00e9sir\u00e1ny\u00edt\u00f3 javadalmaz\u00e1s\u00e1nak meghat\u00e1roz\u00e1s\u00e1ban. Az olyan nagyv\u00e1rosi k\u00f6zpontok, mint Auckland \u00e9s Christchurch, amelyek hemzsegnek a gazdas\u00e1gi tev\u00e9kenys\u00e9gt\u0151l \u00e9s k\u00f6zelebb vannak a jelent\u0151s kereskedelmi csatorn\u00e1khoz, term\u00e9szetesen magasabb fizet\u00e9seket k\u00edn\u00e1lnak. Ezzel szemben a kev\u00e9sb\u00e9 urbaniz\u00e1lt r\u00e9gi\u00f3k szer\u00e9nyebb fizet\u00e9st biztos\u00edthatnak, ami t\u00fckr\u00f6zi a helyi ipari keresletet \u00e9s a meg\u00e9lhet\u00e9si k\u00f6lts\u00e9geket.  <\/li>\n\n\n\n<li><strong>Ipari ter\u00fclet \u00e9s \u00e1gazati specializ\u00e1ci\u00f3: <\/strong>Az \u00e1gazat jellege jelent\u0151sen befoly\u00e1solja a termel\u00e9sir\u00e1ny\u00edt\u00f3 javadalmaz\u00e1s\u00e1t. A gyorsan fejl\u0151d\u0151 \u00e9s bonyolult \u00e1gazatok, p\u00e9ld\u00e1ul a technol\u00f3gia \u00e9s a gy\u00f3gyszeripar \u00e1ltal\u00e1ban vonz\u00f3bb csomagokat k\u00edn\u00e1lnak. A termel\u00e9si folyamatok \u00f6sszetetts\u00e9ge \u00e9s a szigor\u00fa min\u0151s\u00e9gi el\u0151\u00edr\u00e1sok ezekben az ipar\u00e1gakban speci\u00e1lis szak\u00e9rtelmet ig\u00e9nyelnek, ami a b\u00e9rek emelked\u00e9s\u00e9t eredm\u00e9nyezi.  <\/li>\n\n\n\n<li><strong>Tapasztalat, oktat\u00e1s \u00e9s folyamatos tanul\u00e1s: <\/strong>A termel\u00e9si menedzserek t\u00f6bb \u00e9ves ipari tapasztalatai \u00e9s egyetemi v\u00e9gzetts\u00e9ge gyakran k\u00f6zvetlen\u00fcl korrel\u00e1lnak a fizet\u00e9s\u00fckkel. A nagy tapasztalattal, valamint fels\u0151fok\u00fa v\u00e9gzetts\u00e9ggel vagy megfelel\u0151 k\u00e9pes\u00edt\u00e9ssel rendelkez\u0151k magasabb fizet\u00e9st kapnak. Tov\u00e1bb\u00e1 azokat a vezet\u0151ket, akik proakt\u00edvan friss\u00edtik k\u00e9szs\u00e9geiket, k\u00fcl\u00f6n\u00f6sen az olyan digit\u00e1lis eszk\u00f6z\u00f6kkel kapcsolatban, mint az APS, <a href=\"https:\/\/skyplanner.ai\/hu\/forrasok\/gyartasi-erp-atfogo-utmutato\/\">ERP<\/a> \u00e9s <a href=\"https:\/\/skyplanner.ai\/hu\/forrasok\/mes-rendszer-mi-az-es-mit-csinal\/\">MES rendszerek<\/a>, felbecs\u00fclhetetlen \u00e9rt\u00e9k\u0171 eszk\u00f6znek tekintik, ami potenci\u00e1lisan n\u00f6veli a kereseti lehet\u0151s\u00e9geiket.  <\/li>\n\n\n\n<li><strong>V\u00e1llalati m\u00e9ret \u00e9s glob\u00e1lis l\u00e1bnyom: <\/strong>A v\u00e1llalat m\u00e9rete \u00e9s glob\u00e1lis kiterjed\u00e9se jelent\u0151sen befoly\u00e1solja a fizet\u00e9si kateg\u00f3ri\u00e1kat. A multinacion\u00e1lis v\u00e1llalatok vagy nagyv\u00e1llalatok kiterjedt m\u0171k\u00f6d\u00e9s\u00fck \u00e9s p\u00e9nz\u00fcgyi erej\u00fck miatt \u00e1ltal\u00e1ban b\u0151kez\u0171bb kompenz\u00e1ci\u00f3s csomagokat k\u00edn\u00e1lnak, mint a kisebb vagy region\u00e1lis v\u00e1llalatok. <\/li>\n<\/ol>\n\n\n\n<h2 class=\"wp-block-heading\">Mi a termel\u00e9si menedzser szerepe?<\/h2>\n\n\n\n<p>A gy\u00e1rt\u00e1si sz\u00ednt\u00e9r szerves r\u00e9sz\u00e9t k\u00e9pez\u0151 termel\u00e9si vezet\u0151 a m\u0171veletek szimf\u00f3ni\u00e1j\u00e1t hangszereli, biztos\u00edtva a hib\u00e1tlan termel\u00e9si ritmust. Feladataik sokr\u00e9t\u0171ek: <\/p>\n\n\n\n<ul class=\"wp-block-list\">\n<li><strong>K\u00f6lts\u00e9ghat\u00e9konys\u00e1g:<\/strong> A termel\u00e9si vezet\u0151k nem csup\u00e1n meghat\u00e1rozz\u00e1k a k\u00f6lts\u00e9gvet\u00e9st, hanem meg is alak\u00edtj\u00e1k azt. Szerep\u00fck l\u00e9nyege annak biztos\u00edt\u00e1sa, hogy a termel\u00e9s a meg\u00e1llap\u00edtott k\u00f6lts\u00e9gvet\u00e9si kereteken bel\u00fcl maradjon, de ez \u00e1rnyaltabb, mint a puszta fel\u00fcgyelet. Elemzik a kiad\u00e1sokat, azonos\u00edtj\u00e1k a sz\u0171k keresztmetszeteket vagy a felesleges k\u00f6lts\u00e9geket, amelyeket le lehet faragni. A termel\u00e9si folyamat minden p\u00e9nz\u00fcgyi aspektus\u00e1nak apr\u00f3l\u00e9kos \u00e9rt\u00e9kel\u00e9s\u00e9vel, a nyersanyagbeszerz\u00e9st\u0151l az energiafogyaszt\u00e1sig, a hat\u00e9konys\u00e1g n\u00f6vel\u00e9s\u00e9re t\u00f6rekszenek. A v\u00e9gs\u0151 c\u00e9l nem csup\u00e1n a k\u00f6lts\u00e9gmegtakar\u00edt\u00e1s, hanem az \u00e9rt\u00e9kteremt\u00e9s. A k\u00f6lts\u00e9ghat\u00e9konys\u00e1g biztos\u00edt\u00e1s\u00e1val er\u0151s\u00edtik a szervezet j\u00f6vedelmez\u0151s\u00e9g\u00e9t, versenyk\u00e9pess\u00e9 t\u00e9ve azt a piacon.     <\/li>\n\n\n\n<li><strong>Biztons\u00e1gi protokollok biztos\u00edt\u00e1sa:<\/strong> A termel\u00e9si l\u00e9tes\u00edtm\u00e9ny hat\u00e9konys\u00e1ga a biztons\u00e1g n\u00e9lk\u00fcl vitathat\u00f3. A termel\u00e9si vezet\u0151k a biztons\u00e1gi protokollok \u00e9lharcosai, akik biztos\u00edtj\u00e1k, hogy minden m\u0171velet megfeleljen a meg\u00e1llap\u00edtott ir\u00e1nyelveknek. \u0150k nem puszt\u00e1n elfogadj\u00e1k a biztons\u00e1gi szab\u00e1lyokat, hanem meg is testes\u00edtik azokat. A g\u00e9pek rendszeres karbantart\u00e1s\u00e1nak biztos\u00edt\u00e1s\u00e1t\u00f3l kezdve az el\u0151re nem l\u00e1that\u00f3 meghib\u00e1sod\u00e1sok megel\u0151z\u00e9s\u00e9ig \u00e9s a munkav\u00e1llal\u00f3k biztons\u00e1gtudatoss\u00e1g\u00e1nak kialak\u00edt\u00e1s\u00e1ig az \u0151 szerep\u00fck kulcsfontoss\u00e1g\u00fa. Rendszeres biztons\u00e1gi gyakorlatokat is szerveznek, biztos\u00edtva, hogy a csapat azonnal \u00e9s megfelel\u0151en reag\u00e1ljon egy esetleges v\u00e9szhelyzet eset\u00e9n. Sz\u00e1mukra minden egyes elker\u00fclt baleset a csapatuk j\u00f3l\u00e9te ir\u00e1nti elk\u00f6telezetts\u00e9g\u00fck bizony\u00edt\u00e9ka.     <\/li>\n\n\n\n<li><strong>Egy\u00fcttm\u0171k\u00f6d\u00e9s \u00e9s koordin\u00e1ci\u00f3:<\/strong> A termel\u00e9s nem l\u00e9tezik elszigetelten; ez egy fogasker\u00e9k az \u00fczleti m\u0171veletek hatalmas g\u00e9pezet\u00e9ben. A termel\u00e9sir\u00e1ny\u00edt\u00f3 szerepe t\u00falmutat a termel\u00e9si szint hat\u00e1rain. \u0150k k\u00e9pezik a k\u00fcl\u00f6nb\u00f6z\u0151 r\u00e9szlegek k\u00f6z\u00f6tti hidat. A beszerz\u00e9ssel egy\u00fcttm\u0171k\u00f6dve biztos\u00edtj\u00e1k a min\u0151s\u00e9gi nyersanyagok id\u0151ben t\u00f6rt\u00e9n\u0151 rendelkez\u00e9sre \u00e1ll\u00e1s\u00e1t. A logisztik\u00e1val biztos\u00edtj\u00e1k, hogy a megtermelt \u00e1rukat optim\u00e1lisan t\u00e1rolj\u00e1k \u00e9s sz\u00e1ll\u00edts\u00e1k. Az \u00e9rt\u00e9kes\u00edt\u00e9si \u00e9s marketingcsapatokkal val\u00f3 kapcsolattart\u00e1s r\u00e9v\u00e9n biztos\u00edtj\u00e1k, hogy a termel\u00e9s \u00f6sszhangban legyen a piaci ig\u00e9nyekkel. Az e k\u00fcl\u00f6nb\u00f6z\u0151 egys\u00e9gek k\u00f6z\u00f6tti koordin\u00e1ci\u00f3s k\u00e9pess\u00e9g\u00fck biztos\u00edtja, hogy a term\u00e9k \u00e9letciklusa a koncepci\u00f3t\u00f3l a fogyaszt\u00f3ig t\u00f6retlen \u00e9s hat\u00e9kony maradjon.      <\/li>\n\n\n\n<li><strong>Modern eszk\u00f6z\u00f6k integr\u00e1l\u00e1sa:<\/strong> A digitaliz\u00e1ci\u00f3 kor\u00e1ban a technol\u00f3giai j\u00e1rtass\u00e1g nem b\u00f3nusz, hanem sz\u00fcks\u00e9gszer\u0171s\u00e9g. A termel\u00e9si vezet\u0151k felismerik a modern digit\u00e1lis eszk\u00f6z\u00f6kben rejl\u0151 hatalmas lehet\u0151s\u00e9geket a termel\u00e9si t\u00e1jk\u00e9p \u00e1talak\u00edt\u00e1s\u00e1ban. Az olyan eszk\u00f6z\u00f6ket, mint az <a href=\"https:\/\/skyplanner.ai\/hu\/\">APS rendszer<\/a>, nem csak \u00e1tveszik, hanem be\u00e9p\u00fclnek a gy\u00e1rt\u00e1si folyamatok sz\u00f6vet\u00e9be. Ezek a rendszerek val\u00f3s idej\u0171 betekint\u00e9st, el\u0151rejelz\u0151 elemz\u00e9st \u00e9s automatiz\u00e1l\u00e1si k\u00e9pess\u00e9geket k\u00edn\u00e1lnak, lehet\u0151v\u00e9 t\u00e9ve a vezet\u0151k sz\u00e1m\u00e1ra, hogy gyorsan megalapozott d\u00f6nt\u00e9seket hozzanak. Ezen eszk\u00f6z\u00f6k alkalmaz\u00e1s\u00e1val a termel\u00e9sir\u00e1ny\u00edt\u00f3k biztos\u00edtj\u00e1k, hogy a m\u0171veletek aktu\u00e1lisak \u00e9s a j\u00f6v\u0151re is felk\u00e9sz\u00fcltek legyenek, \u00e9s ezzel el\u0151k\u00e9sz\u00edtik az utat a sk\u00e1l\u00e1zhat\u00f3s\u00e1g \u00e9s az innov\u00e1ci\u00f3 sz\u00e1m\u00e1ra.    <\/li>\n<\/ul>\n\n\n\n<figure class=\"wp-block-image size-large\"><img decoding=\"async\" width=\"1024\" height=\"302\" src=\"https:\/\/skyplanner.ai\/wp-content\/uploads\/2022\/06\/Solutions-header-Flat-PNG-1024x302.png\" alt=\"SkyPlanner Advanced Planning and Scheduling Megold&#xE1;sok termel&#xE9;si probl&#xE9;m&#xE1;kra\" class=\"wp-image-4232\" srcset=\"https:\/\/skyplanner.ai\/wp-content\/uploads\/2022\/06\/Solutions-header-Flat-PNG-1024x302.png 1024w, https:\/\/skyplanner.ai\/wp-content\/uploads\/2022\/06\/Solutions-header-Flat-PNG-300x88.png 300w, https:\/\/skyplanner.ai\/wp-content\/uploads\/2022\/06\/Solutions-header-Flat-PNG-768x226.png 768w, https:\/\/skyplanner.ai\/wp-content\/uploads\/2022\/06\/Solutions-header-Flat-PNG-1536x452.png 1536w, https:\/\/skyplanner.ai\/wp-content\/uploads\/2022\/06\/Solutions-header-Flat-PNG-2048x603.png 2048w\" sizes=\"(max-width: 1024px) 100vw, 1024px\" \/><\/figure>\n\n\n\n<h4 class=\"gb-headline gb-headline-485555b4 gb-headline-text\">Sz\u00fcks\u00e9ges k\u00e9szs\u00e9gek egy termel\u00e9si menedzser sz\u00e1m\u00e1ra<\/h4>\n\n\n\n<ol class=\"wp-block-list\">\n<li><strong>Rend\u00edthetetlen vezet\u00e9s:<\/strong> Csapatok ir\u00e1ny\u00edt\u00e1sa, d\u00f6nt\u00e9sek meghozatala \u00e9s felel\u0151ss\u00e9gv\u00e1llal\u00e1s.<\/li>\n\n\n\n<li><strong>Probl\u00e9mamegold\u00f3 k\u00e9pess\u00e9g:<\/strong> Gyorsan kezeli \u00e9s megoldja a termel\u00e9si probl\u00e9m\u00e1kat.<\/li>\n\n\n\n<li><strong>Gy\u00e1rt\u00e1si folyamatok ismerete:<\/strong> A gy\u00e1rt\u00e1s \u00e1rnyalatainak m\u00e9ly meg\u00e9rt\u00e9se.<\/li>\n\n\n\n<li><strong>K\u00f6lts\u00e9gvet\u00e9si fegyelem:<\/strong> Az er\u0151forr\u00e1sok hat\u00e9kony kezel\u00e9se \u00e9s eloszt\u00e1sa.<\/li>\n\n\n\n<li><strong>Id\u0151mester:<\/strong> Az id\u0151ben t\u00f6rt\u00e9n\u0151 sz\u00e1ll\u00edt\u00e1s \u00e9s a gy\u00e1rt\u00e1s betart\u00e1s\u00e1nak biztos\u00edt\u00e1sa.<\/li>\n\n\n\n<li><strong>Biztons\u00e1gi el\u0151\u00edr\u00e1sok ismerete:<\/strong> Vesz\u00e9lymentes munkahely biztos\u00edt\u00e1sa.<\/li>\n\n\n\n<li><strong>M\u0171szaki szak\u00e9rtelem:<\/strong> A g\u00e9pek \u00e9s folyamatok gyakorlati ismerete.<\/li>\n\n\n\n<li><strong>Kommunik\u00e1ci\u00f3s kiv\u00e1l\u00f3s\u00e1g:<\/strong> \u00d6tletek \u00e9s utas\u00edt\u00e1sok hat\u00e9kony k\u00f6zvet\u00edt\u00e9se.<\/li>\n<\/ol>\n\n\n\n<h2 class=\"wp-block-heading\">Az \u00faj-z\u00e9landi termel\u00e9si menedzserek fizet\u00e9s\u00e9n t\u00fali juttat\u00e1sok<strong> <\/strong><\/h2>\n\n\n\n<ol class=\"wp-block-list\">\n<li><strong>Eg\u00e9szs\u00e9g\u00fcgyi \u00e9s biztos\u00edt\u00e1si juttat\u00e1sok:<\/strong> \u00c1tfog\u00f3 eg\u00e9szs\u00e9gbiztos\u00edt\u00e1si csomagok fedezik a vezet\u0151t \u00e9s csal\u00e1dj\u00e1t.<\/li>\n\n\n\n<li><strong>Nyugd\u00edjcsomagok:<\/strong> J\u00f6v\u0151j\u00fcket biztos\u00edt\u00f3, j\u00f6vedelmez\u0151 nyugd\u00edjaz\u00e1si vagy nyugd\u00edjaz\u00e1si juttat\u00e1si tervek.<\/li>\n\n\n\n<li><strong>B\u00f3nusz \u00e9s \u00f6szt\u00f6nz\u0151k:<\/strong> Teljes\u00edtm\u00e9nyhez k\u00f6t\u00f6tt b\u00f3nuszok \u00e9s \u00f6szt\u00f6nz\u0151k.<\/li>\n\n\n\n<li><strong>Szakmai fejl\u0151d\u00e9s:<\/strong> Tov\u00e1bbk\u00e9pz\u00e9si \u00e9s szakmai fejl\u0151d\u00e9si lehet\u0151s\u00e9gek.<\/li>\n\n\n\n<li><strong>\u00c1thelyez\u00e9si t\u00e1mogat\u00e1s:<\/strong> M\u00e1s r\u00e9gi\u00f3b\u00f3l vagy orsz\u00e1gb\u00f3l k\u00f6lt\u00f6z\u0151knek.<\/li>\n<\/ol>\n\n\n\n<h2 class=\"wp-block-heading\">Az \u00faj-z\u00e9landi termel\u00e9si menedzserek j\u00f6v\u0151beli \u00fatja<\/h2>\n\n\n\n<p>\u00daj-Z\u00e9landon a feldolgoz\u00f3ipar a k\u00f6ny\u00f6rtelen innov\u00e1ci\u00f3 p\u00e1ly\u00e1j\u00e1n halad. Ahogy a fejleszt\u00e9sek egyre szaporodnak, a tapasztalt termel\u00e9si vezet\u0151k ir\u00e1nti ig\u00e9ny tov\u00e1bbra is \u00e1lland\u00f3 marad. Az APS-hez hasonl\u00f3 szoftverek alkalmaz\u00e1sa a bonyolult t\u00e1bl\u00e1zatok helyett leegyszer\u0171s\u00edtheti a termel\u00e9sir\u00e1ny\u00edt\u00f3 szerep\u00e9t, \u00e9s drasztikusan cs\u00f6kkentheti az emberi hib\u00e1k sz\u00e1m\u00e1t. Az APS-hez hasonl\u00f3 rendszerek, ha szinergi\u00e1ban vannak az olyan AI platformokkal, mint a Skyplanner, p\u00e1ratlan hat\u00e9konys\u00e1gn\u00f6vel\u00e9st eredm\u00e9nyezhetnek. \u00cdgy egy termel\u00e9sir\u00e1ny\u00edt\u00f3 sz\u00e1m\u00e1ra a technol\u00f3giai el\u0151rel\u00e9p\u00e9sekhez val\u00f3 igazod\u00e1s biztos\u00edtja a relevancia, a n\u00f6veked\u00e9s \u00e9s a kiemelked\u0151 siker j\u00f6v\u0151j\u00e9t \u00daj-Z\u00e9land fejl\u0151d\u0151 gy\u00e1rt\u00e1si k\u00f6rnyezet\u00e9ben.    <\/p>\n\n<\/div>\n\n<div class=\"gb-container gb-container-92545123\">\n<div class=\"gb-grid-wrapper gb-grid-wrapper-0a61546f\">\n<div class=\"gb-grid-column gb-grid-column-e4183086\"><div class=\"gb-container gb-container-e4183086\">\n\n<\/div><\/div>\n\n<div class=\"gb-grid-column gb-grid-column-84ccbb5d\"><div class=\"gb-container gb-container-84ccbb5d\">\n\n<\/div><\/div>\n<\/div>\n<\/div>\n<\/div>","protected":false},"excerpt":{"rendered":"<p>Production Manager Salary in New Zealand 2026 Home\u00a0\u00bb\u00a0Resources\u00a0\u00bb\u00a0Production Manager Salary in New Zealand 2026 The average production manager salary in New Zealand in 2026 is around NZD 105,000 annually, translating to approximately NZD 8,750 monthly pre-tax. In 2026, New Zealand&#8217;s manufacturing sector, renowned for food processing \u2013 especially dairy products \u2013 coupled with machinery, textiles, &#8230; <a title=\"Termel\u00e9si menedzser fizet\u00e9s \u00daj-Z\u00e9landon 2026\" class=\"read-more\" href=\"https:\/\/skyplanner.ai\/hu\/forrasok\/gyartasvezeto-fizetes-uj-zelandon-2026\/\" aria-label=\"Read more about Termel\u00e9si menedzser fizet\u00e9s \u00daj-Z\u00e9landon 2026\">Olvass tov\u00e1bb<\/a><\/p>\n","protected":false},"author":6,"featured_media":23947,"comment_status":"closed","ping_status":"closed","sticky":false,"template":"","format":"standard","meta":{"inline_featured_image":false,"_uag_custom_page_level_css":"","footnotes":""},"categories":[312],"tags":[],"class_list":["post-24341","post","type-post","status-publish","format-standard","has-post-thumbnail","hentry","category-forrasok","generate-columns","tablet-grid-50","mobile-grid-100","grid-parent","grid-33"],"acf":[],"yoast_head":"<!-- This site is optimized with the Yoast SEO Premium plugin v26.9 (Yoast SEO v27.0) - https:\/\/yoast.com\/product\/yoast-seo-premium-wordpress\/ -->\n<title>Termel\u00e9si menedzser fizet\u00e9s \u00daj-Z\u00e9landon 2026 &#8211; SkyPlanner<\/title>\n<meta name=\"description\" content=\"Az \u00e1tlagos gy\u00e1rt\u00e1svezet\u0151 fizet\u00e9s \u00daj-Z\u00e9landon 2026-ben k\u00f6r\u00fclbel\u00fcl 105,000 NZD \u00e9vente, ami kb. 8,750 NZD-nek felel meg.\" \/>\n<meta name=\"robots\" content=\"index, follow, max-snippet:-1, max-image-preview:large, max-video-preview:-1\" \/>\n<link rel=\"canonical\" href=\"https:\/\/skyplanner.ai\/hu\/forrasok\/gyartasvezeto-fizetes-uj-zelandon-2026\/\" \/>\n<meta property=\"og:locale\" content=\"hu_HU\" \/>\n<meta property=\"og:type\" content=\"article\" \/>\n<meta property=\"og:title\" content=\"Termel\u00e9si menedzser fizet\u00e9s \u00daj-Z\u00e9landon 2026\" \/>\n<meta property=\"og:description\" content=\"Az \u00e1tlagos gy\u00e1rt\u00e1svezet\u0151 fizet\u00e9s \u00daj-Z\u00e9landon 2026-ben k\u00f6r\u00fclbel\u00fcl 105,000 NZD \u00e9vente, ami kb. 8,750 NZD-nek felel meg.\" \/>\n<meta property=\"og:url\" content=\"https:\/\/skyplanner.ai\/hu\/forrasok\/gyartasvezeto-fizetes-uj-zelandon-2026\/\" \/>\n<meta property=\"og:site_name\" content=\"SkyPlanner\" \/>\n<meta property=\"article:published_time\" content=\"2023-10-04T12:50:07+00:00\" \/>\n<meta property=\"article:modified_time\" content=\"2026-03-20T19:54:21+00:00\" \/>\n<meta property=\"og:image\" content=\"https:\/\/skyplanner.ai\/wp-content\/uploads\/2023\/10\/Production-Manager-Salary-New-Zealand-1024x683.png\" \/>\n\t<meta property=\"og:image:width\" content=\"1024\" \/>\n\t<meta property=\"og:image:height\" content=\"683\" \/>\n\t<meta property=\"og:image:type\" content=\"image\/png\" \/>\n<meta name=\"author\" content=\"SkyPlanner\" \/>\n<meta name=\"twitter:card\" content=\"summary_large_image\" \/>\n<meta name=\"twitter:label1\" content=\"Szerz\u0151:\" \/>\n\t<meta name=\"twitter:data1\" content=\"SkyPlanner\" \/>\n\t<meta name=\"twitter:label2\" content=\"Becs\u00fclt olvas\u00e1si id\u0151\" \/>\n\t<meta name=\"twitter:data2\" content=\"9 minutes\" \/>\n<script type=\"application\/ld+json\" class=\"yoast-schema-graph\">{\"@context\":\"https:\/\/schema.org\",\"@graph\":[{\"@type\":\"Article\",\"@id\":\"https:\/\/skyplanner.ai\/hu\/forrasok\/gyartasvezeto-fizetes-uj-zelandon-2026\/#article\",\"isPartOf\":{\"@id\":\"https:\/\/skyplanner.ai\/hu\/forrasok\/gyartasvezeto-fizetes-uj-zelandon-2026\/\"},\"author\":{\"name\":\"SkyPlanner\",\"@id\":\"https:\/\/skyplanner.ai\/hu\/#\/schema\/person\/9122a7382a3a91f77e5ed0207811724a\"},\"headline\":\"Termel\u00e9si menedzser fizet\u00e9s \u00daj-Z\u00e9landon 2026\",\"datePublished\":\"2023-10-04T12:50:07+00:00\",\"dateModified\":\"2026-03-20T19:54:21+00:00\",\"mainEntityOfPage\":{\"@id\":\"https:\/\/skyplanner.ai\/hu\/forrasok\/gyartasvezeto-fizetes-uj-zelandon-2026\/\"},\"wordCount\":1781,\"publisher\":{\"@id\":\"https:\/\/skyplanner.ai\/hu\/#organization\"},\"image\":{\"@id\":\"https:\/\/skyplanner.ai\/hu\/forrasok\/gyartasvezeto-fizetes-uj-zelandon-2026\/#primaryimage\"},\"thumbnailUrl\":\"https:\/\/skyplanner.ai\/wp-content\/uploads\/2023\/10\/Production-Manager-Salary-New-Zealand.png\",\"articleSection\":[\"forr\u00e1sok\"],\"inLanguage\":\"hu-HU\"},{\"@type\":\"WebPage\",\"@id\":\"https:\/\/skyplanner.ai\/hu\/forrasok\/gyartasvezeto-fizetes-uj-zelandon-2026\/\",\"url\":\"https:\/\/skyplanner.ai\/hu\/forrasok\/gyartasvezeto-fizetes-uj-zelandon-2026\/\",\"name\":\"Termel\u00e9si menedzser fizet\u00e9s \u00daj-Z\u00e9landon 2026 &#8211; SkyPlanner\",\"isPartOf\":{\"@id\":\"https:\/\/skyplanner.ai\/hu\/#website\"},\"primaryImageOfPage\":{\"@id\":\"https:\/\/skyplanner.ai\/hu\/forrasok\/gyartasvezeto-fizetes-uj-zelandon-2026\/#primaryimage\"},\"image\":{\"@id\":\"https:\/\/skyplanner.ai\/hu\/forrasok\/gyartasvezeto-fizetes-uj-zelandon-2026\/#primaryimage\"},\"thumbnailUrl\":\"https:\/\/skyplanner.ai\/wp-content\/uploads\/2023\/10\/Production-Manager-Salary-New-Zealand.png\",\"datePublished\":\"2023-10-04T12:50:07+00:00\",\"dateModified\":\"2026-03-20T19:54:21+00:00\",\"description\":\"Az \u00e1tlagos gy\u00e1rt\u00e1svezet\u0151 fizet\u00e9s \u00daj-Z\u00e9landon 2026-ben k\u00f6r\u00fclbel\u00fcl 105,000 NZD \u00e9vente, ami kb. 8,750 NZD-nek felel meg.\",\"breadcrumb\":{\"@id\":\"https:\/\/skyplanner.ai\/hu\/forrasok\/gyartasvezeto-fizetes-uj-zelandon-2026\/#breadcrumb\"},\"inLanguage\":\"hu-HU\",\"potentialAction\":[{\"@type\":\"ReadAction\",\"target\":[\"https:\/\/skyplanner.ai\/hu\/forrasok\/gyartasvezeto-fizetes-uj-zelandon-2026\/\"]}]},{\"@type\":\"ImageObject\",\"inLanguage\":\"hu-HU\",\"@id\":\"https:\/\/skyplanner.ai\/hu\/forrasok\/gyartasvezeto-fizetes-uj-zelandon-2026\/#primaryimage\",\"url\":\"https:\/\/skyplanner.ai\/wp-content\/uploads\/2023\/10\/Production-Manager-Salary-New-Zealand.png\",\"contentUrl\":\"https:\/\/skyplanner.ai\/wp-content\/uploads\/2023\/10\/Production-Manager-Salary-New-Zealand.png\",\"width\":4990,\"height\":3327,\"caption\":\"Production Manager Salary New Zealand\"},{\"@type\":\"BreadcrumbList\",\"@id\":\"https:\/\/skyplanner.ai\/hu\/forrasok\/gyartasvezeto-fizetes-uj-zelandon-2026\/#breadcrumb\",\"itemListElement\":[{\"@type\":\"ListItem\",\"position\":1,\"name\":\"Home\",\"item\":\"https:\/\/skyplanner.ai\/hu\/kezdolap-2\/\"},{\"@type\":\"ListItem\",\"position\":2,\"name\":\"Termel\u00e9si menedzser fizet\u00e9s \u00daj-Z\u00e9landon 2026\"}]},{\"@type\":\"WebSite\",\"@id\":\"https:\/\/skyplanner.ai\/hu\/#website\",\"url\":\"https:\/\/skyplanner.ai\/hu\/\",\"name\":\"SkyPlanner\",\"description\":\"AI-powered production scheduling and planning software\",\"publisher\":{\"@id\":\"https:\/\/skyplanner.ai\/hu\/#organization\"},\"potentialAction\":[{\"@type\":\"SearchAction\",\"target\":{\"@type\":\"EntryPoint\",\"urlTemplate\":\"https:\/\/skyplanner.ai\/hu\/?s={search_term_string}\"},\"query-input\":{\"@type\":\"PropertyValueSpecification\",\"valueRequired\":true,\"valueName\":\"search_term_string\"}}],\"inLanguage\":\"hu-HU\"},{\"@type\":\"Organization\",\"@id\":\"https:\/\/skyplanner.ai\/hu\/#organization\",\"name\":\"SkyPlanner APS\",\"url\":\"https:\/\/skyplanner.ai\/hu\/\",\"logo\":{\"@type\":\"ImageObject\",\"inLanguage\":\"hu-HU\",\"@id\":\"https:\/\/skyplanner.ai\/hu\/#\/schema\/logo\/image\/\",\"url\":\"https:\/\/skyplanner.ai\/wp-content\/uploads\/2022\/05\/Skyplanner-logo-2.svg\",\"contentUrl\":\"https:\/\/skyplanner.ai\/wp-content\/uploads\/2022\/05\/Skyplanner-logo-2.svg\",\"width\":223,\"height\":43,\"caption\":\"SkyPlanner APS\"},\"image\":{\"@id\":\"https:\/\/skyplanner.ai\/hu\/#\/schema\/logo\/image\/\"},\"sameAs\":[\"https:\/\/www.linkedin.com\/company\/skyplanner-aps\/\",\"https:\/\/www.youtube.com\/@SkyPlannerAPS\",\"https:\/\/www.capterra.com\/p\/265911\/SkyPlanner-APS\/\",\"https:\/\/www.trustradius.com\/products\/skyplanner-aps\/reviews\",\"https:\/\/www.saasworthy.com\/product\/skyplanner-aps\",\"https:\/\/sourceforge.net\/software\/product\/SkyPlanner-APS\/\",\"https:\/\/www.g2.com\/products\/skyplanner-aps\/\",\"https:\/\/www.getapp.com\/project-management-planning-software\/a\/skyplanner-aps\/\",\"https:\/\/www.softwareadvice.com\/cmms\/skyplanner-aps-profile\/\"],\"description\":\"AI-powered production scheduling and planning software for manufacturing\",\"foundingDate\":\"1997\",\"legalName\":\"Skycode Oy\",\"alternateName\":\"SkyPlanner\",\"knowsAbout\":[\"Production Scheduling\",\"Advanced Planning and Scheduling\",\"Manufacturing AI\",\"Finite Capacity Scheduling\",\"ERP Integration\"],\"areaServed\":\"Worldwide\",\"contactPoint\":{\"@type\":\"ContactPoint\",\"contactType\":\"sales\",\"url\":\"https:\/\/skyplanner.ai\/trial\/\"}},{\"@type\":\"Person\",\"@id\":\"https:\/\/skyplanner.ai\/hu\/#\/schema\/person\/9122a7382a3a91f77e5ed0207811724a\",\"name\":\"SkyPlanner\",\"image\":{\"@type\":\"ImageObject\",\"inLanguage\":\"hu-HU\",\"@id\":\"https:\/\/skyplanner.ai\/hu\/#\/schema\/person\/image\/\",\"url\":\"https:\/\/secure.gravatar.com\/avatar\/b7d00e63bfb49c23e740cab317acbfb7287b7fa23d51b75e89a6659494daa9dd?s=96&d=mm&r=g\",\"contentUrl\":\"https:\/\/secure.gravatar.com\/avatar\/b7d00e63bfb49c23e740cab317acbfb7287b7fa23d51b75e89a6659494daa9dd?s=96&d=mm&r=g\",\"caption\":\"SkyPlanner\"}}]}<\/script>\n<!-- \/ Yoast SEO Premium plugin. -->","yoast_head_json":{"title":"Termel\u00e9si menedzser fizet\u00e9s \u00daj-Z\u00e9landon 2026 &#8211; SkyPlanner","description":"Az \u00e1tlagos gy\u00e1rt\u00e1svezet\u0151 fizet\u00e9s \u00daj-Z\u00e9landon 2026-ben k\u00f6r\u00fclbel\u00fcl 105,000 NZD \u00e9vente, ami kb. 8,750 NZD-nek felel meg.","robots":{"index":"index","follow":"follow","max-snippet":"max-snippet:-1","max-image-preview":"max-image-preview:large","max-video-preview":"max-video-preview:-1"},"canonical":"https:\/\/skyplanner.ai\/hu\/forrasok\/gyartasvezeto-fizetes-uj-zelandon-2026\/","og_locale":"hu_HU","og_type":"article","og_title":"Termel\u00e9si menedzser fizet\u00e9s \u00daj-Z\u00e9landon 2026","og_description":"Az \u00e1tlagos gy\u00e1rt\u00e1svezet\u0151 fizet\u00e9s \u00daj-Z\u00e9landon 2026-ben k\u00f6r\u00fclbel\u00fcl 105,000 NZD \u00e9vente, ami kb. 8,750 NZD-nek felel meg.","og_url":"https:\/\/skyplanner.ai\/hu\/forrasok\/gyartasvezeto-fizetes-uj-zelandon-2026\/","og_site_name":"SkyPlanner","article_published_time":"2023-10-04T12:50:07+00:00","article_modified_time":"2026-03-20T19:54:21+00:00","og_image":[{"width":1024,"height":683,"url":"https:\/\/skyplanner.ai\/wp-content\/uploads\/2023\/10\/Production-Manager-Salary-New-Zealand-1024x683.png","type":"image\/png"}],"author":"SkyPlanner","twitter_card":"summary_large_image","twitter_misc":{"Szerz\u0151:":"SkyPlanner","Becs\u00fclt olvas\u00e1si id\u0151":"9 minutes"},"schema":{"@context":"https:\/\/schema.org","@graph":[{"@type":"Article","@id":"https:\/\/skyplanner.ai\/hu\/forrasok\/gyartasvezeto-fizetes-uj-zelandon-2026\/#article","isPartOf":{"@id":"https:\/\/skyplanner.ai\/hu\/forrasok\/gyartasvezeto-fizetes-uj-zelandon-2026\/"},"author":{"name":"SkyPlanner","@id":"https:\/\/skyplanner.ai\/hu\/#\/schema\/person\/9122a7382a3a91f77e5ed0207811724a"},"headline":"Termel\u00e9si menedzser fizet\u00e9s \u00daj-Z\u00e9landon 2026","datePublished":"2023-10-04T12:50:07+00:00","dateModified":"2026-03-20T19:54:21+00:00","mainEntityOfPage":{"@id":"https:\/\/skyplanner.ai\/hu\/forrasok\/gyartasvezeto-fizetes-uj-zelandon-2026\/"},"wordCount":1781,"publisher":{"@id":"https:\/\/skyplanner.ai\/hu\/#organization"},"image":{"@id":"https:\/\/skyplanner.ai\/hu\/forrasok\/gyartasvezeto-fizetes-uj-zelandon-2026\/#primaryimage"},"thumbnailUrl":"https:\/\/skyplanner.ai\/wp-content\/uploads\/2023\/10\/Production-Manager-Salary-New-Zealand.png","articleSection":["forr\u00e1sok"],"inLanguage":"hu-HU"},{"@type":"WebPage","@id":"https:\/\/skyplanner.ai\/hu\/forrasok\/gyartasvezeto-fizetes-uj-zelandon-2026\/","url":"https:\/\/skyplanner.ai\/hu\/forrasok\/gyartasvezeto-fizetes-uj-zelandon-2026\/","name":"Termel\u00e9si menedzser fizet\u00e9s \u00daj-Z\u00e9landon 2026 &#8211; SkyPlanner","isPartOf":{"@id":"https:\/\/skyplanner.ai\/hu\/#website"},"primaryImageOfPage":{"@id":"https:\/\/skyplanner.ai\/hu\/forrasok\/gyartasvezeto-fizetes-uj-zelandon-2026\/#primaryimage"},"image":{"@id":"https:\/\/skyplanner.ai\/hu\/forrasok\/gyartasvezeto-fizetes-uj-zelandon-2026\/#primaryimage"},"thumbnailUrl":"https:\/\/skyplanner.ai\/wp-content\/uploads\/2023\/10\/Production-Manager-Salary-New-Zealand.png","datePublished":"2023-10-04T12:50:07+00:00","dateModified":"2026-03-20T19:54:21+00:00","description":"Az \u00e1tlagos gy\u00e1rt\u00e1svezet\u0151 fizet\u00e9s \u00daj-Z\u00e9landon 2026-ben k\u00f6r\u00fclbel\u00fcl 105,000 NZD \u00e9vente, ami kb. 8,750 NZD-nek felel meg.","breadcrumb":{"@id":"https:\/\/skyplanner.ai\/hu\/forrasok\/gyartasvezeto-fizetes-uj-zelandon-2026\/#breadcrumb"},"inLanguage":"hu-HU","potentialAction":[{"@type":"ReadAction","target":["https:\/\/skyplanner.ai\/hu\/forrasok\/gyartasvezeto-fizetes-uj-zelandon-2026\/"]}]},{"@type":"ImageObject","inLanguage":"hu-HU","@id":"https:\/\/skyplanner.ai\/hu\/forrasok\/gyartasvezeto-fizetes-uj-zelandon-2026\/#primaryimage","url":"https:\/\/skyplanner.ai\/wp-content\/uploads\/2023\/10\/Production-Manager-Salary-New-Zealand.png","contentUrl":"https:\/\/skyplanner.ai\/wp-content\/uploads\/2023\/10\/Production-Manager-Salary-New-Zealand.png","width":4990,"height":3327,"caption":"Production Manager Salary New Zealand"},{"@type":"BreadcrumbList","@id":"https:\/\/skyplanner.ai\/hu\/forrasok\/gyartasvezeto-fizetes-uj-zelandon-2026\/#breadcrumb","itemListElement":[{"@type":"ListItem","position":1,"name":"Home","item":"https:\/\/skyplanner.ai\/hu\/kezdolap-2\/"},{"@type":"ListItem","position":2,"name":"Termel\u00e9si menedzser fizet\u00e9s \u00daj-Z\u00e9landon 2026"}]},{"@type":"WebSite","@id":"https:\/\/skyplanner.ai\/hu\/#website","url":"https:\/\/skyplanner.ai\/hu\/","name":"SkyPlanner","description":"AI-powered production scheduling and planning software","publisher":{"@id":"https:\/\/skyplanner.ai\/hu\/#organization"},"potentialAction":[{"@type":"SearchAction","target":{"@type":"EntryPoint","urlTemplate":"https:\/\/skyplanner.ai\/hu\/?s={search_term_string}"},"query-input":{"@type":"PropertyValueSpecification","valueRequired":true,"valueName":"search_term_string"}}],"inLanguage":"hu-HU"},{"@type":"Organization","@id":"https:\/\/skyplanner.ai\/hu\/#organization","name":"SkyPlanner APS","url":"https:\/\/skyplanner.ai\/hu\/","logo":{"@type":"ImageObject","inLanguage":"hu-HU","@id":"https:\/\/skyplanner.ai\/hu\/#\/schema\/logo\/image\/","url":"https:\/\/skyplanner.ai\/wp-content\/uploads\/2022\/05\/Skyplanner-logo-2.svg","contentUrl":"https:\/\/skyplanner.ai\/wp-content\/uploads\/2022\/05\/Skyplanner-logo-2.svg","width":223,"height":43,"caption":"SkyPlanner APS"},"image":{"@id":"https:\/\/skyplanner.ai\/hu\/#\/schema\/logo\/image\/"},"sameAs":["https:\/\/www.linkedin.com\/company\/skyplanner-aps\/","https:\/\/www.youtube.com\/@SkyPlannerAPS","https:\/\/www.capterra.com\/p\/265911\/SkyPlanner-APS\/","https:\/\/www.trustradius.com\/products\/skyplanner-aps\/reviews","https:\/\/www.saasworthy.com\/product\/skyplanner-aps","https:\/\/sourceforge.net\/software\/product\/SkyPlanner-APS\/","https:\/\/www.g2.com\/products\/skyplanner-aps\/","https:\/\/www.getapp.com\/project-management-planning-software\/a\/skyplanner-aps\/","https:\/\/www.softwareadvice.com\/cmms\/skyplanner-aps-profile\/"],"description":"AI-powered production scheduling and planning software for manufacturing","foundingDate":"1997","legalName":"Skycode Oy","alternateName":"SkyPlanner","knowsAbout":["Production Scheduling","Advanced Planning and Scheduling","Manufacturing AI","Finite Capacity Scheduling","ERP Integration"],"areaServed":"Worldwide","contactPoint":{"@type":"ContactPoint","contactType":"sales","url":"https:\/\/skyplanner.ai\/trial\/"}},{"@type":"Person","@id":"https:\/\/skyplanner.ai\/hu\/#\/schema\/person\/9122a7382a3a91f77e5ed0207811724a","name":"SkyPlanner","image":{"@type":"ImageObject","inLanguage":"hu-HU","@id":"https:\/\/skyplanner.ai\/hu\/#\/schema\/person\/image\/","url":"https:\/\/secure.gravatar.com\/avatar\/b7d00e63bfb49c23e740cab317acbfb7287b7fa23d51b75e89a6659494daa9dd?s=96&d=mm&r=g","contentUrl":"https:\/\/secure.gravatar.com\/avatar\/b7d00e63bfb49c23e740cab317acbfb7287b7fa23d51b75e89a6659494daa9dd?s=96&d=mm&r=g","caption":"SkyPlanner"}}]}},"uagb_featured_image_src":{"full":["https:\/\/skyplanner.ai\/wp-content\/uploads\/2023\/10\/Production-Manager-Salary-New-Zealand.png",4990,3327,false],"thumbnail":["https:\/\/skyplanner.ai\/wp-content\/uploads\/2023\/10\/Production-Manager-Salary-New-Zealand-150x150.png",150,150,true],"medium":["https:\/\/skyplanner.ai\/wp-content\/uploads\/2023\/10\/Production-Manager-Salary-New-Zealand-300x200.png",300,200,true],"medium_large":["https:\/\/skyplanner.ai\/wp-content\/uploads\/2023\/10\/Production-Manager-Salary-New-Zealand-768x512.png",768,512,true],"large":["https:\/\/skyplanner.ai\/wp-content\/uploads\/2023\/10\/Production-Manager-Salary-New-Zealand-1024x683.png",1024,683,true],"1536x1536":["https:\/\/skyplanner.ai\/wp-content\/uploads\/2023\/10\/Production-Manager-Salary-New-Zealand-1536x1024.png",1536,1024,true],"2048x2048":["https:\/\/skyplanner.ai\/wp-content\/uploads\/2023\/10\/Production-Manager-Salary-New-Zealand-2048x1365.png",2048,1365,true],"betterdocs-category-thumb":["https:\/\/skyplanner.ai\/wp-content\/uploads\/2023\/10\/Production-Manager-Salary-New-Zealand.png",360,240,false]},"uagb_author_info":{"display_name":"SkyPlanner","author_link":"https:\/\/skyplanner.ai\/hu\/author\/bettina\/"},"uagb_comment_info":0,"uagb_excerpt":"Production Manager Salary in New Zealand 2026 Home\u00a0\u00bb\u00a0Resources\u00a0\u00bb\u00a0Production Manager Salary in New Zealand 2026 The average production manager salary in New Zealand in 2026 is around NZD 105,000 annually, translating to approximately NZD 8,750 monthly pre-tax. In 2026, New Zealand&#8217;s manufacturing sector, renowned for food processing \u2013 especially dairy products \u2013 coupled with machinery, textiles,&hellip;","_links":{"self":[{"href":"https:\/\/skyplanner.ai\/hu\/wp-json\/wp\/v2\/posts\/24341","targetHints":{"allow":["GET"]}}],"collection":[{"href":"https:\/\/skyplanner.ai\/hu\/wp-json\/wp\/v2\/posts"}],"about":[{"href":"https:\/\/skyplanner.ai\/hu\/wp-json\/wp\/v2\/types\/post"}],"author":[{"embeddable":true,"href":"https:\/\/skyplanner.ai\/hu\/wp-json\/wp\/v2\/users\/6"}],"replies":[{"embeddable":true,"href":"https:\/\/skyplanner.ai\/hu\/wp-json\/wp\/v2\/comments?post=24341"}],"version-history":[{"count":1,"href":"https:\/\/skyplanner.ai\/hu\/wp-json\/wp\/v2\/posts\/24341\/revisions"}],"predecessor-version":[{"id":85632,"href":"https:\/\/skyplanner.ai\/hu\/wp-json\/wp\/v2\/posts\/24341\/revisions\/85632"}],"wp:featuredmedia":[{"embeddable":true,"href":"https:\/\/skyplanner.ai\/hu\/wp-json\/wp\/v2\/media\/23947"}],"wp:attachment":[{"href":"https:\/\/skyplanner.ai\/hu\/wp-json\/wp\/v2\/media?parent=24341"}],"wp:term":[{"taxonomy":"category","embeddable":true,"href":"https:\/\/skyplanner.ai\/hu\/wp-json\/wp\/v2\/categories?post=24341"},{"taxonomy":"post_tag","embeddable":true,"href":"https:\/\/skyplanner.ai\/hu\/wp-json\/wp\/v2\/tags?post=24341"}],"curies":[{"name":"wp","href":"https:\/\/api.w.org\/{rel}","templated":true}]}}