{"id":20313,"date":"2023-09-20T12:47:37","date_gmt":"2023-09-20T12:47:37","guid":{"rendered":"https:\/\/skyplanner.ai\/forrasok\/termelesi-menedzser-fizetes-norvegiaban-2023\/"},"modified":"2026-09-03T18:36:05","modified_gmt":"2026-09-03T18:36:05","slug":"termelesi-menedzser-fizetes-norvegiaban-2026","status":"publish","type":"post","link":"https:\/\/skyplanner.ai\/hu\/forrasok\/termelesi-menedzser-fizetes-norvegiaban-2026\/","title":{"rendered":"Termel\u00e9si menedzser fizet\u00e9se Norv\u00e9gi\u00e1ban 2026"},"content":{"rendered":"<div class=\"gb-container gb-container-bf558a89 article-main-content-container\">\n\n<h1 class=\"wp-block-heading\" id=\"h-production-manager-salary-in-norway-2026\">Production Manager Salary in Norway 2026<\/h1>\n\n\n<div class=\"gb-container gb-container-e8026af9\">\n\n<p><a href=\"\/\">Home<\/a>\u00a0\u00bb\u00a0<a href=\"\/resources\/\">Resources<\/a>\u00a0\u00bb\u00a0Production Manager Salary in Norway 2026<\/p>\n\n\n\n<p class=\"yoast-reading-time__wrapper\"><span class=\"yoast-reading-time__icon\"><svg xmlns=\"http:\/\/www.w3.org\/2000\/svg\" aria-hidden=\"true\" focusable=\"false\" data-icon=\"clock\" width=\"20\" height=\"20\" fill=\"none\" stroke=\"currentColor\" style=\"display:inline-block;vertical-align:-0.1em\" role=\"img\" viewbox=\"0 0 24 24\"><path stroke-linecap=\"round\" stroke-linejoin=\"round\" stroke-width=\"2\" d=\"M12 8v4l3 3m6-3a9 9 0 11-18 0 9 9 0 0118 0z\"><\/path><\/svg><\/span><span class=\"yoast-reading-time__spacer\" style=\"display:inline-block;width:1em\"><\/span><span class=\"yoast-reading-time__descriptive-text\">Becs\u00fclt olvas\u00e1si id\u0151: <\/span><span class=\"yoast-reading-time__reading-time\">12<\/span><span class=\"yoast-reading-time__time-unit\"> percek<\/span><\/p>\n\n<\/div>\n\n<div class=\"gb-container gb-container-f0fd57d0\">\n<div class=\"gb-container gb-container-ce737323\"><div class=\"gb-inside-container\">\n\n<p><strong>The average production manager salary in Norway in 2026 is around NOK 872,500 annually.\u00a0<\/strong><\/p>\n\n<\/div><\/div>\n\n\n<p>In 2026, Norway has cemented its reputation as a formidable player in the manufacturing domain, marking significant strides in innovation and expansion. This surge reflects technological advancements and the nation&#8217;s commitment to quality and precision.<\/p>\n\n\n\n<p>A linchpin in this transformative journey has been the expertise of <a href=\"\/resources\/production-manager-job-description\/\">production managers<\/a>, whose demand has seen a meteoric rise. These professionals are instrumental in ascertaining that production lines operate seamlessly and effectively. So, what remuneration can a production manager anticipate in Norway this year?<\/p>\n\n\n\n<h2 class=\"wp-block-heading\">\u00c1tlagos fizet\u00e9s Norv\u00e9gi\u00e1ban vs. Termel\u00e9si menedzser kompenz\u00e1ci\u00f3ja<\/h2>\n\n\n\n<p>The average salary in Norway has always been among the highest globally (<strong>NOK 50,081<\/strong> <strong>per month<\/strong>), primarily due to the high standard of living and booming industries. In 2026, while the average salary is commendable, a production manager in Norway can expect a figure that surpasses this.<\/p>\n\n\n\n<p>In Norway, a production manager can expect a challenging and rewarding role and an attractive monthly salary. For 2026, production managers in Norway will likely receive a <strong>monthly<\/strong> salary ranging from approximately\u00a0<strong>NOK 72,708<\/strong>. This compensation level reflects the critical role these professionals play in the industry and underscores the value that Norway places on skilled managerial talent.<\/p>\n\n\n\n<p>Azonban t\u00f6bb t\u00e9nyez\u0151 is okozhat ingadoz\u00e1st ebben az \u00e1br\u00e1ban.<\/p>\n\n\n\n<h2 class=\"wp-block-heading\">\u00d6sszehasonl\u00edt\u00f3 elemz\u00e9s a szomsz\u00e9dos orsz\u00e1gokkal<\/h2>\n\n\n\n<p>When we scrutinize the compensation of production managers across Europe, Norway offers an enviable package. Besides Norway, <a href=\"\/resources\/production-manager-salary-in-sweden-2026\/\">the Swedish&#8217;s production manager salary\u00a0<\/a>provide marginally elevated salary averages, attributed to their high cost of living. During the same analysis, <a href=\"\/resources\/production-manager-salary-in-finland-2026\/\">Finland&#8217;s production manager salary<\/a> presents competitive figures. In stark contrast, <a href=\"\/resources\/production-manager-salary-in-estonia-2026\/\">Estonia&#8217;s production manager salary<\/a> displays reduced statistics. Such dynamics make Norway an appealing destination for individuals seeking growth in production management.<\/p>\n\n<\/div>\n\n<div class=\"gb-container gb-container-f7e777f3\">\n<div class=\"gb-container gb-container-0a56c9fa sticky\"><div class=\"gb-inside-container\">\n<div class=\"gb-container gb-container-eed176fc\"><div class=\"gb-inside-container\">\n<div class=\"gb-grid-wrapper gb-grid-wrapper-1b2f16ae\">\n<div class=\"gb-grid-column gb-grid-column-be655727\"><div class=\"gb-container gb-container-be655727\"><div class=\"gb-inside-container\">\n\n<figure class=\"wp-block-image size-large\"><img decoding=\"async\" width=\"1024\" height=\"685\" src=\"https:\/\/skyplanner.ai\/wp-content\/uploads\/2022\/06\/Production-planning-Straight-PNG-1-1024x685.png\" alt=\"SkyPlanner APS - Production planning and scheduling product image straight view\" class=\"wp-image-4339\" srcset=\"https:\/\/skyplanner.ai\/wp-content\/uploads\/2022\/06\/Production-planning-Straight-PNG-1-1024x685.png 1024w, https:\/\/skyplanner.ai\/wp-content\/uploads\/2022\/06\/Production-planning-Straight-PNG-1-300x201.png 300w, https:\/\/skyplanner.ai\/wp-content\/uploads\/2022\/06\/Production-planning-Straight-PNG-1-768x514.png 768w, https:\/\/skyplanner.ai\/wp-content\/uploads\/2022\/06\/Production-planning-Straight-PNG-1-1536x1027.png 1536w, https:\/\/skyplanner.ai\/wp-content\/uploads\/2022\/06\/Production-planning-Straight-PNG-1-2048x1370.png 2048w\" sizes=\"(max-width: 1024px) 100vw, 1024px\" \/><\/figure>\n\n<\/div><\/div><\/div>\n\n<div class=\"gb-grid-column gb-grid-column-0821f9a0\"><div class=\"gb-container gb-container-0821f9a0\"><div class=\"gb-inside-container\">\n\n<h4 class=\"wp-block-heading mobile-text-center\" id=\"h-advanced-production-planning-with-ai-skyplanner-aps\" style=\"font-size:24px\">Advanced production planning with AI &#8211; SkyPlanner APS<\/h4>\n\n\n\n<p class=\"mobile-text-center\">Read more about our approach to production planning and optimization leveraging the power of AI.<\/p>\n\n\n<div class=\"gb-button-wrapper gb-button-wrapper-690cb95e\">\n\n<a class=\"gb-button gb-button-7b87a903 gb-button-text\" href=\"https:\/\/skyplanner.ai\/\" aria-label=\"Book a demo\">Production planning with AI<\/a>\n\n<\/div>\n<\/div><\/div><\/div>\n<\/div>\n<\/div><\/div>\n<\/div><\/div>\n<\/div>\n\n<div class=\"gb-container gb-container-33d6b196\">\n\n<h2 class=\"wp-block-heading\">A termel\u00e9si menedzser fizet\u00e9s\u00e9t befoly\u00e1sol\u00f3 t\u00e9nyez\u0151k Norv\u00e9gi\u00e1ban<\/h2>\n\n\n\n<ol class=\"wp-block-list\">\n<li><strong>Tapasztalat \u00e9s v\u00e9gzetts\u00e9g<\/strong>: A termel\u00e9sir\u00e1ny\u00edt\u00e1s ter\u00fclet\u00e9n a m\u00e9lys\u00e9g sz\u00e1m\u00edt. A gyakorlati tapasztalattal rendelkez\u0151 menedzserek kiv\u00e9tel n\u00e9lk\u00fcl megk\u00fczd\u00f6ttek a k\u00fcl\u00f6nb\u00f6z\u0151 kih\u00edv\u00e1sokkal, felbecs\u00fclhetetlen gyakorlati tapasztalatokkal \u00e9s strat\u00e9giai el\u0151rel\u00e1t\u00e1ssal t\u00f6ltik be szerep\u00fcket. Ezenfel\u00fcl a szil\u00e1rd egyetemi alapok, k\u00fcl\u00f6n\u00f6sen a menedzsment vagy m\u00e9rn\u00f6ki diplom\u00e1k a m\u0171szaki ismeretek \u00e9s az igazgat\u00e1si kompetenci\u00e1k harmonikus kever\u00e9k\u00e9vel ruh\u00e1zz\u00e1k fel ezeket a szakembereket. A tapasztalat \u00e9s az oktat\u00e1s ilyen \u00f6tv\u00f6z\u00e9se nemcsak a probl\u00e9mamegold\u00f3 k\u00e9pess\u00e9g\u00fcket n\u00f6veli, hanem a b\u0151kez\u0171bb javadalmaz\u00e1si csomagok els\u0151sz\u00e1m\u00fa jel\u00f6ltj\u00e9v\u00e9 is teszi \u0151ket.   <\/li>\n\n\n\n<li><strong>F\u00f6ldrajzi elhelyezked\u00e9s<\/strong>: Norv\u00e9gia f\u00f6ldrajzi elhelyezked\u00e9se a lehet\u0151s\u00e9gek sz\u00e9les sk\u00e1l\u00e1j\u00e1t k\u00edn\u00e1lja. Az olyan ny\u00fczsg\u0151 v\u00e1rosi k\u00f6zpontok, mint Oslo vagy Bergen, amelyeket \u00e9l\u00e9nk gy\u00e1rt\u00e1si \u00f6kosziszt\u00e9m\u00e1juk jellemez, gyakran a gy\u00e1rt\u00f3\u00fczemek kr\u00e9mj\u00e9nek adnak otthont. Itt a meg\u00e9lhet\u00e9si k\u00f6lts\u00e9gek \u00e9s a jelent\u0151s gy\u00e1rt\u00f3ipari szerepl\u0151k koncentr\u00e1ci\u00f3ja \u00e1ltal\u00e1ban felfel\u00e9 hajtja a fizet\u00e9seket. Ezzel szemben a t\u00e1voli r\u00e9gi\u00f3k, b\u00e1r saj\u00e1tos el\u0151ny\u00f6kkel rendelkeznek, nem felt\u00e9tlen\u00fcl rendelkeznek ugyanolyan p\u00e9nz\u00fcgyi vonzer\u0151vel, ami a termel\u00e9sir\u00e1ny\u00edt\u00f3k viszonylag szer\u00e9ny kompenz\u00e1ci\u00f3s csomagjaiban t\u00fckr\u00f6z\u0151dik.   <\/li>\n\n\n\n<li><strong>V\u00e1llalat m\u00e9rete<\/strong>: A v\u00e1llalat m\u0171k\u00f6d\u00e9s\u00e9nek terjedelme gyakran t\u00fckr\u00f6zi a v\u00e1llalat javadalmaz\u00e1s\u00e1nak m\u00e9rt\u00e9k\u00e9t. Az \u00f3ri\u00e1sv\u00e1llalatok, amelyek kiterjedt, r\u00e9gi\u00f3kra vagy ak\u00e1r orsz\u00e1gokra kiterjed\u0151 tev\u00e9kenys\u00e9get folytatnak, rendelkeznek a sz\u00fcks\u00e9ges p\u00e9nz\u00fcgyi eszk\u00f6z\u00f6kkel, \u00e9s gyakran sz\u00fcks\u00e9g\u00fck is van arra, hogy a legjobb tehets\u00e9geket vonzz\u00e1k. A termel\u00e9si vezet\u0151k sz\u00e1m\u00e1ra ny\u00fajtott kompenz\u00e1ci\u00f3s csomagjaik jellemz\u0151en ezt t\u00fckr\u00f6zik, mivel b\u0151s\u00e9gesebbek, \u00e9s tov\u00e1bbi juttat\u00e1sokat \u00e9s el\u0151ny\u00f6ket tartalmaznak. Ezzel szemben a kisebb szervezetek visszafogottabb p\u00e9nz\u00fcgyi keretekkel rendelkezhetnek, mik\u00f6zben bens\u0151s\u00e9gesebb munkak\u00f6rnyezetet k\u00edn\u00e1lnak, ami t\u00fckr\u00f6z\u0151dhet a b\u00e9raj\u00e1nlataikban.   <\/li>\n\n\n\n<li><strong>Specialized Skill Set<\/strong>: In an age where technology is intertwined with almost every facet of production, having a specialized skill set can significantly enhance a manager&#8217;s market value. Familiarity with contemporary tools, especially systems like an<a href=\"\/features\/\"> APS system<\/a>, positions a manager as a traditional overseer and a tech-savvy leader equipped to steer modern production environments. Such proficiency augments efficiency and can be a notable salary booster, setting these managers apart in the competitive Norwegian job market.<\/li>\n\n\n\n<li>A <strong>v\u00e1llalat ter\u00fclete<\/strong>: Az ipar\u00e1g, amelyben egy termel\u00e9sir\u00e1ny\u00edt\u00f3 tev\u00e9kenykedik, szint\u00e9n jelent\u0151sen befoly\u00e1solhatja a b\u00e9rstrukt\u00far\u00e1j\u00e1t. B\u00e1r a gy\u00e1rt\u00f3 v\u00e1llalatok els\u0151sorban az e szerepk\u00f6r ir\u00e1nti keresletet mozgatj\u00e1k, sok IT-v\u00e1llalat felismeri, hogy a folyamatok racionaliz\u00e1l\u00e1sa \u00e9rdek\u00e9ben a termel\u00e9sre szakosodott menedzserek \u00e9rt\u00e9ket k\u00e9pviselnek. Ez\u00e9rt az informatikai \u00e1gazatokban dolgoz\u00f3k, k\u00fcl\u00f6n\u00f6sen az APS-rendszerhez hasonl\u00f3 rendszereket integr\u00e1l\u00f3 v\u00e1llalatok gyakran m\u00e9g versenyk\u00e9pesebb fizet\u00e9st kapnak. Az ilyen szerepk\u00f6r\u00f6kben a gy\u00e1rt\u00e1svezet\u0151k nem csup\u00e1n hagyom\u00e1nyos fel\u00fcgyel\u0151k, hanem olyan technol\u00f3giai ismeretekkel rendelkez\u0151 vezet\u0151k is, akik k\u00e9pesek a digit\u00e1lis kor egyedi kih\u00edv\u00e1sai \u00e9s lehet\u0151s\u00e9gei k\u00f6z\u00f6tt eligazodni. Ezt a sokoldal\u00fa szak\u00e9rtelmet nagyra \u00e9rt\u00e9kelik, \u00e9s ez\u00e9rt az ilyen poz\u00edci\u00f3k gyakran magasabb d\u00edjaz\u00e1si csomagot k\u00edn\u00e1lnak, ami megk\u00fcl\u00f6nb\u00f6zteti ezeket a szakembereket a norv\u00e9giai versenyz\u0151 munkaer\u0151piacon.    <\/li>\n<\/ol>\n\n\n\n<figure class=\"wp-block-image size-large\"><img decoding=\"async\" width=\"1024\" height=\"302\" src=\"https:\/\/skyplanner.ai\/wp-content\/uploads\/2022\/06\/Solutions-header-Flat-PNG-1024x302.png\" alt=\"SkyPlanner Advanced Planning and Scheduling Megold&#xE1;sok termel&#xE9;si probl&#xE9;m&#xE1;kra\" class=\"wp-image-4232\" srcset=\"https:\/\/skyplanner.ai\/wp-content\/uploads\/2022\/06\/Solutions-header-Flat-PNG-1024x302.png 1024w, https:\/\/skyplanner.ai\/wp-content\/uploads\/2022\/06\/Solutions-header-Flat-PNG-300x88.png 300w, https:\/\/skyplanner.ai\/wp-content\/uploads\/2022\/06\/Solutions-header-Flat-PNG-768x226.png 768w, https:\/\/skyplanner.ai\/wp-content\/uploads\/2022\/06\/Solutions-header-Flat-PNG-1536x452.png 1536w, https:\/\/skyplanner.ai\/wp-content\/uploads\/2022\/06\/Solutions-header-Flat-PNG-2048x603.png 2048w\" sizes=\"(max-width: 1024px) 100vw, 1024px\" \/><\/figure>\n\n\n\n<h2 class=\"wp-block-heading\">Mi a termel\u00e9si menedzser szerepe?<\/h2>\n\n\n\n<p>A norv\u00e9g gy\u00e1rt\u00e1si \u00e1gazatban a termel\u00e9sir\u00e1ny\u00edt\u00f3 fel\u00fcgyel\u0151k\u00e9nt \u00e9s l\u00e1tnoki er\u0151k\u00e9nt jelenik meg. A gyors technol\u00f3giai fejl\u0151d\u00e9s \u00e9s a nemzet precizit\u00e1sra \u00e9s min\u0151s\u00e9gre val\u00f3 t\u00f6rekv\u00e9se k\u00f6zepette ezek a szakemberek \u00fcgyesen eligazodnak a gy\u00e1rt\u00e1si t\u00e1j bonyolult viszonyai k\u00f6z\u00f6tt.   <\/p>\n\n\n\n<p>A g\u00e9pek, anyagok \u00e9s munkaer\u0151 szimf\u00f3ni\u00e1j\u00e1t hangszerelik, mik\u00f6zben strat\u00e9gi\u00e1t k\u00e9sz\u00edtenek az el\u0151re nem l\u00e1that\u00f3 kih\u00edv\u00e1sokra \u00e9s optimaliz\u00e1lj\u00e1k a folyamatokat. Szerep\u00fck t\u00falmutat a mindennapokon; \u0151k a strat\u00e9giai agyak, akik biztos\u00edtj\u00e1k, hogy Norv\u00e9gia feldolgoz\u00f3ipara tov\u00e1bbra is glob\u00e1lis m\u00e9rce maradjon a hat\u00e9konys\u00e1g \u00e9s a kiv\u00e1l\u00f3s\u00e1g tekintet\u00e9ben: <\/p>\n\n\n\n<ul class=\"wp-block-list\">\n<li><strong>K\u00f6lts\u00e9ghat\u00e9konys\u00e1g<\/strong>: A k\u00f6lts\u00e9gvet\u00e9st \u00e9beren fel\u00fcgyelve biztos\u00edtj\u00e1k, hogy a termel\u00e9s a k\u00f6lts\u00e9gvet\u00e9si param\u00e9tereken bel\u00fcl maradjon, folyamatosan keresik a hat\u00e9konys\u00e1g n\u00f6vel\u00e9s\u00e9nek, a rezsik\u00f6lts\u00e9gek cs\u00f6kkent\u00e9s\u00e9nek \u00e9s a nyeres\u00e9gess\u00e9g n\u00f6vel\u00e9s\u00e9nek lehet\u0151s\u00e9geit.<\/li>\n\n\n\n<li><strong>A biztons\u00e1gi el\u0151\u00edr\u00e1sok betart\u00e1sa<\/strong>: A biztons\u00e1gos m\u0171k\u00f6d\u00e9si k\u00f6rnyezet fenntart\u00e1sa tov\u00e1bbra is kiemelt fontoss\u00e1g\u00fa. A termel\u00e9si vezet\u0151k a munkahelyi biztons\u00e1gi norm\u00e1k\u00e9rt k\u00fczdenek, biztos\u00edtj\u00e1k a g\u00e9pek karbantart\u00e1s\u00e1t, a biztons\u00e1gi el\u0151\u00edr\u00e1sok betart\u00e1s\u00e1t \u00e9s az id\u0151szakos biztons\u00e1gi gyakorlatok megtart\u00e1s\u00e1t. <\/li>\n\n\n\n<li><strong>Oszt\u00e1lyok k\u00f6z\u00f6tti egy\u00fcttm\u0171k\u00f6d\u00e9s<\/strong>: Szerep\u00fck megk\u00f6veteli a bonyolult egy\u00fcttm\u0171k\u00f6d\u00e9st az olyan egys\u00e9gekkel, mint a beszerz\u00e9s \u00e9s az \u00e9rt\u00e9kes\u00edt\u00e9s, biztos\u00edtva a term\u00e9kek z\u00f6kken\u0151mentes \u00e1tmenet\u00e9t a kezdetekt\u0151l a fogyaszt\u00f3kig.<\/li>\n\n\n\n<li><strong>Technol\u00f3giai be\u00e1gyaz\u00f3d\u00e1s<\/strong>: Az ipar\u00e1gak gyors fejl\u0151d\u00e9s\u00e9vel a termel\u00e9sir\u00e1ny\u00edt\u00f3k t\u00e1mogatj\u00e1k az avantg\u00e1rd eszk\u00f6z\u00f6k, k\u00fcl\u00f6n\u00f6sen az APS-rendszer bevezet\u00e9s\u00e9t, a termel\u00e9s racionaliz\u00e1l\u00e1s\u00e1t \u00e9s a hat\u00e9konys\u00e1g n\u00f6vel\u00e9s\u00e9t.<\/li>\n<\/ul>\n\n\n\n<h4 class=\"wp-block-heading\">Alapvet\u0151 k\u00e9szs\u00e9gek egy termel\u00e9si vezet\u0151 sz\u00e1m\u00e1ra<\/h4>\n\n\n\n<ol class=\"wp-block-list\">\n<li>Mesteri vezet\u00e9s<\/li>\n\n\n\n<li>Probl\u00e9mamegold\u00f3 k\u00e9pess\u00e9g<\/li>\n\n\n\n<li>A termel\u00e9si dinamika alapos ismerete<\/li>\n\n\n\n<li>J\u00e1rtass\u00e1g a k\u00f6lts\u00e9gvet\u00e9s kezel\u00e9s\u00e9ben<\/li>\n\n\n\n<li>Hat\u00e9kony id\u0151gazd\u00e1lkod\u00e1s<\/li>\n\n\n\n<li>A biztons\u00e1gi protokollok ismerete<\/li>\n\n\n\n<li>Technikai hozz\u00e1\u00e9rt\u00e9s<\/li>\n\n\n\n<li>Egy\u00e9rtelm\u0171 kommunik\u00e1ci\u00f3<\/li>\n<\/ol>\n\n\n\n<h2 class=\"wp-block-heading\">A fizet\u00e9sen t\u00fali juttat\u00e1sok <\/h2>\n\n\n\n<p>A cs\u00e1b\u00edt\u00f3 fizet\u00e9sen t\u00fal a norv\u00e9giai termel\u00e9svezet\u0151k a k\u00f6vetkez\u0151ket \u00e9lvezhetik:<\/p>\n\n\n\n<ol class=\"wp-block-list\">\n<li><strong>Nagyvonal\u00fa eg\u00e9szs\u00e9g\u00fcgyi juttat\u00e1sok:<\/strong> Norv\u00e9gi\u00e1ban az eg\u00e9szs\u00e9gre helyezett hangs\u00faly nem csup\u00e1n politikai k\u00e9rd\u00e9s, hanem kultur\u00e1lis elk\u00f6telezetts\u00e9g. A termel\u00e9si vezet\u0151k, m\u00e1s szakemberekhez hasonl\u00f3an, az alapvet\u0151 eg\u00e9szs\u00e9g\u00fcgyi sz\u00fcks\u00e9gleteken t\u00falmutat\u00f3, szil\u00e1rd eg\u00e9szs\u00e9g\u00fcgyi ell\u00e1t\u00f3rendszer el\u0151nyeit \u00e9lvezik. Ez az \u00e1tfog\u00f3 eg\u00e9szs\u00e9g\u00fcgyi biztons\u00e1gi h\u00e1l\u00f3 biztos\u00edtja, hogy a legt\u00f6bb orvosi eshet\u0151s\u00e9gre kiterjedjen a fedezet, a rutinellen\u0151rz\u00e9sekt\u0151l a speci\u00e1lis kezel\u00e9sekig, \u00edgy biztos\u00edtva a munkav\u00e1llal\u00f3k \u00e9s csal\u00e1dtagjaik nyugalm\u00e1t.  <\/li>\n\n\n\n<li><strong>Nyugd\u00edjprogramok:<\/strong> Az el\u0151re gondolkod\u00e1s a norv\u00e9g ethosz egyik alapeleme. A termel\u00e9sir\u00e1ny\u00edt\u00f3k sz\u00e1m\u00e1ra ez az el\u0151retekint\u0151 megk\u00f6zel\u00edt\u00e9s j\u00f3l fel\u00e9p\u00edtett, j\u00e1rul\u00e9kalap\u00fa nyugd\u00edjrendszereket jelent. Ezeket a terveket \u00fagy alak\u00edtott\u00e1k ki, hogy az aranykorban p\u00e9nz\u00fcgyi tartal\u00e9kk\u00e9nt szolg\u00e1ljanak, \u00e9s biztos\u00edts\u00e1k a nyugd\u00edjasok sz\u00e1m\u00e1ra a k\u00e9nyelmes \u00e9letm\u00f3d fenntart\u00e1s\u00e1t, t\u00fckr\u00f6zve Norv\u00e9gia holisztikus j\u00f3l\u00e9ti szeml\u00e9let\u00e9t.  <\/li>\n\n\n\n<li><strong>Szakmai fejl\u0151d\u00e9si lehet\u0151s\u00e9gek:<\/strong> Norv\u00e9gia dinamikusan fejl\u0151d\u0151 feldolgoz\u00f3ipar\u00e1ban a naprak\u00e9szs\u00e9g kiemelked\u0151 fontoss\u00e1g\u00fa. Ezt felismerve sok norv\u00e9g c\u00e9g rendszeres workshopok, szemin\u00e1riumok \u00e9s k\u00e9pz\u00e9sek szervez\u00e9s\u00e9vel fektet be a termel\u00e9sir\u00e1ny\u00edt\u00f3kba. Ezek a lehet\u0151s\u00e9gek csiszolj\u00e1k a megl\u00e9v\u0151 k\u00e9szs\u00e9geket, \u00e9s megismertetik a vezet\u0151ket a leg\u00fajabb technol\u00f3gi\u00e1kkal \u00e9s a legjobb gyakorlatokkal, biztos\u00edtva, hogy a szakter\u00fclet\u00fck \u00e9lvonal\u00e1ban maradjanak.  <\/li>\n\n\n\n<li><strong>Munka \u00e9s mag\u00e1n\u00e9let egyens\u00falya:<\/strong> A norv\u00e9g munkakult\u00fara a szorgalom \u00e9s a pihen\u00e9s harmonikus kever\u00e9ke. Mik\u00f6zben a szerep ir\u00e1nti elk\u00f6telezetts\u00e9get nagyra \u00e9rt\u00e9kelj\u00fck, a szem\u00e9lyes id\u0151 \u00e9s a meg\u00fajul\u00e1s is fontos. A termel\u00e9si vezet\u0151k profit\u00e1lnak ebb\u0151l az ethoszb\u00f3l, mivel sok v\u00e1llalat t\u00e1mogatja a r\u00f6videbb munkahetet \u00e9s a hosszabb szabads\u00e1gol\u00e1si id\u0151szakokat. Ez az egyens\u00faly biztos\u00edtja, hogy a vezet\u0151k produkt\u00edvak maradjanak a munkahely\u00fck\u00f6n, \u00e9s elegend\u0151 idej\u00fck maradjon Norv\u00e9gia l\u00e9legzetel\u00e1ll\u00edt\u00f3 t\u00e1jainak \u00e9s gazdag kultur\u00e1lis sz\u00f6vet\u00e9nek \u00e9lvez\u00e9s\u00e9re.   <\/li>\n<\/ol>\n\n\n\n<h2 class=\"wp-block-heading\">A norv\u00e9giai termel\u00e9si vezet\u0151k j\u00f6v\u0151beli helyzete<\/h2>\n\n\n\n<p>The manufacturing domain in Norway persists in its innovative trajectory. As long as such progressions are evident, the requirement for experienced production managers will remain resilient. Embracing systems like <a href=\"\/\">Skyplanner&#8217;s APS<\/a> system will be paramount in the forthcoming years. Such integrations, especially with AI platforms, promise to elevate efficiency and productivity significantly.<\/p>\n\n\n\n<p><\/p>\n\n<\/div>\n\n<div class=\"gb-container gb-container-92545123\">\n<div class=\"gb-grid-wrapper gb-grid-wrapper-0a61546f\">\n<div class=\"gb-grid-column gb-grid-column-e4183086\"><div class=\"gb-container gb-container-e4183086\">\n\n<\/div><\/div>\n\n<div class=\"gb-grid-column gb-grid-column-84ccbb5d\"><div class=\"gb-container gb-container-84ccbb5d\">\n\n<\/div><\/div>\n<\/div>\n<\/div>\n<\/div>","protected":false},"excerpt":{"rendered":"<p>Production Manager Salary in Norway 2026 Home\u00a0\u00bb\u00a0Resources\u00a0\u00bb\u00a0Production Manager Salary in Norway 2026 The average production manager salary in Norway in 2026 is around NOK 872,500 annually.\u00a0 In 2026, Norway has cemented its reputation as a formidable player in the manufacturing domain, marking significant strides in innovation and expansion. This surge reflects technological advancements and the &#8230; <a title=\"Termel\u00e9si menedzser fizet\u00e9se Norv\u00e9gi\u00e1ban 2026\" class=\"read-more\" href=\"https:\/\/skyplanner.ai\/hu\/forrasok\/termelesi-menedzser-fizetes-norvegiaban-2026\/\" aria-label=\"Read more about Termel\u00e9si menedzser fizet\u00e9se Norv\u00e9gi\u00e1ban 2026\">Olvass tov\u00e1bb<\/a><\/p>\n","protected":false},"author":6,"featured_media":20749,"comment_status":"closed","ping_status":"open","sticky":false,"template":"","format":"standard","meta":{"_acf_changed":false,"inline_featured_image":false,"_uag_custom_page_level_css":"","footnotes":""},"categories":[312],"tags":[],"class_list":["post-20313","post","type-post","status-publish","format-standard","has-post-thumbnail","hentry","category-forrasok","generate-columns","tablet-grid-50","mobile-grid-100","grid-parent","grid-33"],"acf":[],"yoast_head":"<!-- This site is optimized with the Yoast SEO Premium plugin v28.3 (Yoast SEO v28.3) - https:\/\/yoast.com\/product\/yoast-seo-premium-wordpress\/ -->\n<title>Termel\u00e9si menedzser fizet\u00e9se Norv\u00e9gi\u00e1ban 2026 \u2013 SkyPlanner<\/title>\n<meta name=\"description\" content=\"Az \u00e1tlagos termel\u00e9svezet\u0151 fizet\u00e9s Norv\u00e9gi\u00e1ban 2026-ben k\u00f6r\u00fclbel\u00fcl 872 500 NOK \u00e9vente. 2026-ben Norv\u00e9gia bebetonozta...\" \/>\n<meta name=\"robots\" content=\"index, follow, max-snippet:-1, max-image-preview:large, max-video-preview:-1\" \/>\n<link rel=\"canonical\" href=\"https:\/\/skyplanner.ai\/hu\/forrasok\/termelesi-menedzser-fizetes-norvegiaban-2026\/\" \/>\n<meta property=\"og:locale\" content=\"hu_HU\" \/>\n<meta property=\"og:type\" content=\"article\" \/>\n<meta property=\"og:title\" content=\"Termel\u00e9si menedzser fizet\u00e9se Norv\u00e9gi\u00e1ban 2026\" \/>\n<meta property=\"og:description\" content=\"Az \u00e1tlagos termel\u00e9svezet\u0151 fizet\u00e9s Norv\u00e9gi\u00e1ban 2026-ben k\u00f6r\u00fclbel\u00fcl 872 500 NOK \u00e9vente. 2026-ben Norv\u00e9gia bebetonozta...\" \/>\n<meta property=\"og:url\" content=\"https:\/\/skyplanner.ai\/hu\/forrasok\/termelesi-menedzser-fizetes-norvegiaban-2026\/\" \/>\n<meta property=\"og:site_name\" content=\"SkyPlanner\" \/>\n<meta property=\"article:published_time\" content=\"2023-09-20T12:47:37+00:00\" \/>\n<meta property=\"article:modified_time\" content=\"2026-09-03T18:36:05+00:00\" \/>\n<meta property=\"og:image\" content=\"https:\/\/skyplanner.ai\/wp-content\/uploads\/2023\/09\/Production-Manager-Salary-in-Norway-1024x683.png\" \/>\n\t<meta property=\"og:image:width\" content=\"1024\" \/>\n\t<meta property=\"og:image:height\" content=\"683\" \/>\n\t<meta property=\"og:image:type\" content=\"image\/png\" \/>\n<meta name=\"author\" content=\"SkyPlanner\" \/>\n<meta name=\"twitter:card\" content=\"summary_large_image\" \/>\n<meta name=\"twitter:label1\" content=\"Szerz\u0151:\" \/>\n\t<meta name=\"twitter:data1\" content=\"SkyPlanner\" \/>\n\t<meta name=\"twitter:label2\" content=\"Becs\u00fclt olvas\u00e1si id\u0151\" \/>\n\t<meta name=\"twitter:data2\" content=\"6 minutes\" \/>\n<script type=\"application\/ld+json\" class=\"yoast-schema-graph\">{\"@context\":\"https:\\\/\\\/schema.org\",\"@graph\":[{\"@type\":\"Article\",\"@id\":\"https:\\\/\\\/skyplanner.ai\\\/hu\\\/forrasok\\\/termelesi-menedzser-fizetes-norvegiaban-2026\\\/#article\",\"isPartOf\":{\"@id\":\"https:\\\/\\\/skyplanner.ai\\\/hu\\\/forrasok\\\/termelesi-menedzser-fizetes-norvegiaban-2026\\\/\"},\"author\":{\"name\":\"SkyPlanner\",\"@id\":\"https:\\\/\\\/skyplanner.ai\\\/hu\\\/#\\\/schema\\\/person\\\/9122a7382a3a91f77e5ed0207811724a\"},\"headline\":\"Termel\u00e9si menedzser fizet\u00e9se Norv\u00e9gi\u00e1ban 2026\",\"datePublished\":\"2023-09-20T12:47:37+00:00\",\"dateModified\":\"2026-09-03T18:36:05+00:00\",\"mainEntityOfPage\":{\"@id\":\"https:\\\/\\\/skyplanner.ai\\\/hu\\\/forrasok\\\/termelesi-menedzser-fizetes-norvegiaban-2026\\\/\"},\"wordCount\":1915,\"publisher\":{\"@id\":\"https:\\\/\\\/skyplanner.ai\\\/hu\\\/#organization\"},\"image\":{\"@id\":\"https:\\\/\\\/skyplanner.ai\\\/hu\\\/forrasok\\\/termelesi-menedzser-fizetes-norvegiaban-2026\\\/#primaryimage\"},\"thumbnailUrl\":\"https:\\\/\\\/skyplanner.ai\\\/wp-content\\\/uploads\\\/2023\\\/09\\\/Production-Manager-Salary-in-Norway.png\",\"articleSection\":[\"forr\u00e1sok\"],\"inLanguage\":\"hu-HU\"},{\"@type\":\"WebPage\",\"@id\":\"https:\\\/\\\/skyplanner.ai\\\/hu\\\/forrasok\\\/termelesi-menedzser-fizetes-norvegiaban-2026\\\/\",\"url\":\"https:\\\/\\\/skyplanner.ai\\\/hu\\\/forrasok\\\/termelesi-menedzser-fizetes-norvegiaban-2026\\\/\",\"name\":\"Termel\u00e9si menedzser fizet\u00e9se Norv\u00e9gi\u00e1ban 2026 \u2013 SkyPlanner\",\"isPartOf\":{\"@id\":\"https:\\\/\\\/skyplanner.ai\\\/hu\\\/#website\"},\"primaryImageOfPage\":{\"@id\":\"https:\\\/\\\/skyplanner.ai\\\/hu\\\/forrasok\\\/termelesi-menedzser-fizetes-norvegiaban-2026\\\/#primaryimage\"},\"image\":{\"@id\":\"https:\\\/\\\/skyplanner.ai\\\/hu\\\/forrasok\\\/termelesi-menedzser-fizetes-norvegiaban-2026\\\/#primaryimage\"},\"thumbnailUrl\":\"https:\\\/\\\/skyplanner.ai\\\/wp-content\\\/uploads\\\/2023\\\/09\\\/Production-Manager-Salary-in-Norway.png\",\"datePublished\":\"2023-09-20T12:47:37+00:00\",\"dateModified\":\"2026-09-03T18:36:05+00:00\",\"description\":\"Az \u00e1tlagos termel\u00e9svezet\u0151 fizet\u00e9s Norv\u00e9gi\u00e1ban 2026-ben k\u00f6r\u00fclbel\u00fcl 872 500 NOK \u00e9vente. 2026-ben Norv\u00e9gia bebetonozta...\",\"breadcrumb\":{\"@id\":\"https:\\\/\\\/skyplanner.ai\\\/hu\\\/forrasok\\\/termelesi-menedzser-fizetes-norvegiaban-2026\\\/#breadcrumb\"},\"inLanguage\":\"hu-HU\",\"potentialAction\":[{\"@type\":\"ReadAction\",\"target\":[\"https:\\\/\\\/skyplanner.ai\\\/hu\\\/forrasok\\\/termelesi-menedzser-fizetes-norvegiaban-2026\\\/\"]}]},{\"@type\":\"ImageObject\",\"inLanguage\":\"hu-HU\",\"@id\":\"https:\\\/\\\/skyplanner.ai\\\/hu\\\/forrasok\\\/termelesi-menedzser-fizetes-norvegiaban-2026\\\/#primaryimage\",\"url\":\"https:\\\/\\\/skyplanner.ai\\\/wp-content\\\/uploads\\\/2023\\\/09\\\/Production-Manager-Salary-in-Norway.png\",\"contentUrl\":\"https:\\\/\\\/skyplanner.ai\\\/wp-content\\\/uploads\\\/2023\\\/09\\\/Production-Manager-Salary-in-Norway.png\",\"width\":4990,\"height\":3327},{\"@type\":\"BreadcrumbList\",\"@id\":\"https:\\\/\\\/skyplanner.ai\\\/hu\\\/forrasok\\\/termelesi-menedzser-fizetes-norvegiaban-2026\\\/#breadcrumb\",\"itemListElement\":[{\"@type\":\"ListItem\",\"position\":1,\"name\":\"Home\",\"item\":\"https:\\\/\\\/skyplanner.ai\\\/hu\\\/\"},{\"@type\":\"ListItem\",\"position\":2,\"name\":\"Termel\u00e9si menedzser fizet\u00e9se Norv\u00e9gi\u00e1ban 2026\"}]},{\"@type\":\"WebSite\",\"@id\":\"https:\\\/\\\/skyplanner.ai\\\/hu\\\/#website\",\"url\":\"https:\\\/\\\/skyplanner.ai\\\/hu\\\/\",\"name\":\"SkyPlanner\",\"description\":\"AI-powered production scheduling and planning software\",\"publisher\":{\"@id\":\"https:\\\/\\\/skyplanner.ai\\\/hu\\\/#organization\"},\"potentialAction\":[{\"@type\":\"SearchAction\",\"target\":{\"@type\":\"EntryPoint\",\"urlTemplate\":\"https:\\\/\\\/skyplanner.ai\\\/hu\\\/?s={search_term_string}\"},\"query-input\":{\"@type\":\"PropertyValueSpecification\",\"valueRequired\":true,\"valueName\":\"search_term_string\"}}],\"inLanguage\":\"hu-HU\"},{\"@type\":\"Organization\",\"@id\":\"https:\\\/\\\/skyplanner.ai\\\/hu\\\/#organization\",\"name\":\"Skycode Oy\",\"url\":\"https:\\\/\\\/skyplanner.ai\\\/hu\\\/\",\"logo\":{\"@type\":\"ImageObject\",\"inLanguage\":\"hu-HU\",\"@id\":\"https:\\\/\\\/skyplanner.ai\\\/hu\\\/#\\\/schema\\\/logo\\\/image\\\/\",\"url\":\"https:\\\/\\\/skyplanner.ai\\\/wp-content\\\/uploads\\\/2022\\\/05\\\/Skyplanner-logo-2.svg\",\"contentUrl\":\"https:\\\/\\\/skyplanner.ai\\\/wp-content\\\/uploads\\\/2022\\\/05\\\/Skyplanner-logo-2.svg\",\"width\":223,\"height\":43,\"caption\":\"SkyPlanner APS\"},\"image\":{\"@id\":\"https:\\\/\\\/skyplanner.ai\\\/hu\\\/#\\\/schema\\\/logo\\\/image\\\/\"},\"legalName\":\"Skycode Oy\",\"alternateName\":[\"Skycode\",\"SkyPlanner\",\"SkyPlanner APS\"],\"description\":\"Skycode Oy is the Finnish software company that develops and publishes SkyPlanner APS, AI production scheduling and advanced planning and scheduling (APS) software for manufacturers worldwide. Founded in 1997 as a sole proprietorship and incorporated as Skycode Oy in 2008.\",\"foundingDate\":\"1997\",\"taxID\":\"2204947-0\",\"vatID\":\"FI22049470\",\"telephone\":\"+358407000002\",\"email\":\"support@skyplanner.ai\",\"address\":{\"@type\":\"PostalAddress\",\"streetAddress\":\"Rantakatu 2 G 11\",\"postalCode\":\"65100\",\"addressLocality\":\"Vaasa\",\"addressCountry\":\"FI\"},\"brand\":{\"@type\":\"Brand\",\"name\":\"SkyPlanner\"},\"knowsAbout\":[\"Production Scheduling\",\"Advanced Planning and Scheduling\",\"Manufacturing AI\",\"Finite Capacity Scheduling\",\"ERP Integration\",\"MES Integration\"],\"areaServed\":\"Worldwide\",\"contactPoint\":[{\"@type\":\"ContactPoint\",\"contactType\":\"sales\",\"url\":\"https:\\\/\\\/skyplanner.ai\\\/contact-sales\\\/\",\"areaServed\":\"Worldwide\"},{\"@type\":\"ContactPoint\",\"contactType\":\"customer support\",\"email\":\"support@skyplanner.ai\",\"telephone\":\"+358407000002\",\"areaServed\":\"Worldwide\"}],\"sameAs\":[\"https:\\\/\\\/skycode.fi\\\/\",\"https:\\\/\\\/www.linkedin.com\\\/company\\\/skycodeoy\\\/\",\"https:\\\/\\\/www.finder.fi\\\/IT-konsultointi+IT-palvelut\\\/Skycode+Oy\\\/Vaasa\\\/yhteystiedot\\\/1934882\",\"https:\\\/\\\/www.linkedin.com\\\/company\\\/skyplanner-aps\\\/\",\"https:\\\/\\\/www.youtube.com\\\/@SkyPlannerAPS\",\"https:\\\/\\\/www.capterra.com\\\/p\\\/265911\\\/SkyPlanner-APS\\\/\",\"https:\\\/\\\/www.trustradius.com\\\/products\\\/skyplanner-aps\\\/reviews\",\"https:\\\/\\\/www.saasworthy.com\\\/product\\\/skyplanner-aps\",\"https:\\\/\\\/sourceforge.net\\\/software\\\/product\\\/SkyPlanner-APS\\\/\",\"https:\\\/\\\/www.g2.com\\\/products\\\/skyplanner-aps\\\/\",\"https:\\\/\\\/www.getapp.com\\\/project-management-planning-software\\\/a\\\/skyplanner-aps\\\/\",\"https:\\\/\\\/www.softwareadvice.com\\\/cmms\\\/skyplanner-aps-profile\\\/\"]},{\"@type\":\"Person\",\"@id\":\"https:\\\/\\\/skyplanner.ai\\\/hu\\\/#\\\/schema\\\/person\\\/9122a7382a3a91f77e5ed0207811724a\",\"name\":\"SkyPlanner\",\"image\":{\"@type\":\"ImageObject\",\"inLanguage\":\"hu-HU\",\"@id\":\"https:\\\/\\\/secure.gravatar.com\\\/avatar\\\/b7d00e63bfb49c23e740cab317acbfb7287b7fa23d51b75e89a6659494daa9dd?s=96&d=mm&r=g\",\"url\":\"https:\\\/\\\/secure.gravatar.com\\\/avatar\\\/b7d00e63bfb49c23e740cab317acbfb7287b7fa23d51b75e89a6659494daa9dd?s=96&d=mm&r=g\",\"contentUrl\":\"https:\\\/\\\/secure.gravatar.com\\\/avatar\\\/b7d00e63bfb49c23e740cab317acbfb7287b7fa23d51b75e89a6659494daa9dd?s=96&d=mm&r=g\",\"caption\":\"SkyPlanner\"}}]}<\/script>\n<!-- \/ Yoast SEO Premium plugin. -->","yoast_head_json":{"title":"Termel\u00e9si menedzser fizet\u00e9se Norv\u00e9gi\u00e1ban 2026 \u2013 SkyPlanner","description":"Az \u00e1tlagos termel\u00e9svezet\u0151 fizet\u00e9s Norv\u00e9gi\u00e1ban 2026-ben k\u00f6r\u00fclbel\u00fcl 872 500 NOK \u00e9vente. 2026-ben Norv\u00e9gia bebetonozta...","robots":{"index":"index","follow":"follow","max-snippet":"max-snippet:-1","max-image-preview":"max-image-preview:large","max-video-preview":"max-video-preview:-1"},"canonical":"https:\/\/skyplanner.ai\/hu\/forrasok\/termelesi-menedzser-fizetes-norvegiaban-2026\/","og_locale":"hu_HU","og_type":"article","og_title":"Termel\u00e9si menedzser fizet\u00e9se Norv\u00e9gi\u00e1ban 2026","og_description":"Az \u00e1tlagos termel\u00e9svezet\u0151 fizet\u00e9s Norv\u00e9gi\u00e1ban 2026-ben k\u00f6r\u00fclbel\u00fcl 872 500 NOK \u00e9vente. 2026-ben Norv\u00e9gia bebetonozta...","og_url":"https:\/\/skyplanner.ai\/hu\/forrasok\/termelesi-menedzser-fizetes-norvegiaban-2026\/","og_site_name":"SkyPlanner","article_published_time":"2023-09-20T12:47:37+00:00","article_modified_time":"2026-09-03T18:36:05+00:00","og_image":[{"width":1024,"height":683,"url":"https:\/\/skyplanner.ai\/wp-content\/uploads\/2023\/09\/Production-Manager-Salary-in-Norway-1024x683.png","type":"image\/png"}],"author":"SkyPlanner","twitter_card":"summary_large_image","twitter_misc":{"Szerz\u0151:":"SkyPlanner","Becs\u00fclt olvas\u00e1si id\u0151":"6 minutes"},"schema":{"@context":"https:\/\/schema.org","@graph":[{"@type":"Article","@id":"https:\/\/skyplanner.ai\/hu\/forrasok\/termelesi-menedzser-fizetes-norvegiaban-2026\/#article","isPartOf":{"@id":"https:\/\/skyplanner.ai\/hu\/forrasok\/termelesi-menedzser-fizetes-norvegiaban-2026\/"},"author":{"name":"SkyPlanner","@id":"https:\/\/skyplanner.ai\/hu\/#\/schema\/person\/9122a7382a3a91f77e5ed0207811724a"},"headline":"Termel\u00e9si menedzser fizet\u00e9se Norv\u00e9gi\u00e1ban 2026","datePublished":"2023-09-20T12:47:37+00:00","dateModified":"2026-09-03T18:36:05+00:00","mainEntityOfPage":{"@id":"https:\/\/skyplanner.ai\/hu\/forrasok\/termelesi-menedzser-fizetes-norvegiaban-2026\/"},"wordCount":1915,"publisher":{"@id":"https:\/\/skyplanner.ai\/hu\/#organization"},"image":{"@id":"https:\/\/skyplanner.ai\/hu\/forrasok\/termelesi-menedzser-fizetes-norvegiaban-2026\/#primaryimage"},"thumbnailUrl":"https:\/\/skyplanner.ai\/wp-content\/uploads\/2023\/09\/Production-Manager-Salary-in-Norway.png","articleSection":["forr\u00e1sok"],"inLanguage":"hu-HU"},{"@type":"WebPage","@id":"https:\/\/skyplanner.ai\/hu\/forrasok\/termelesi-menedzser-fizetes-norvegiaban-2026\/","url":"https:\/\/skyplanner.ai\/hu\/forrasok\/termelesi-menedzser-fizetes-norvegiaban-2026\/","name":"Termel\u00e9si menedzser fizet\u00e9se Norv\u00e9gi\u00e1ban 2026 \u2013 SkyPlanner","isPartOf":{"@id":"https:\/\/skyplanner.ai\/hu\/#website"},"primaryImageOfPage":{"@id":"https:\/\/skyplanner.ai\/hu\/forrasok\/termelesi-menedzser-fizetes-norvegiaban-2026\/#primaryimage"},"image":{"@id":"https:\/\/skyplanner.ai\/hu\/forrasok\/termelesi-menedzser-fizetes-norvegiaban-2026\/#primaryimage"},"thumbnailUrl":"https:\/\/skyplanner.ai\/wp-content\/uploads\/2023\/09\/Production-Manager-Salary-in-Norway.png","datePublished":"2023-09-20T12:47:37+00:00","dateModified":"2026-09-03T18:36:05+00:00","description":"Az \u00e1tlagos termel\u00e9svezet\u0151 fizet\u00e9s Norv\u00e9gi\u00e1ban 2026-ben k\u00f6r\u00fclbel\u00fcl 872 500 NOK \u00e9vente. 2026-ben Norv\u00e9gia bebetonozta...","breadcrumb":{"@id":"https:\/\/skyplanner.ai\/hu\/forrasok\/termelesi-menedzser-fizetes-norvegiaban-2026\/#breadcrumb"},"inLanguage":"hu-HU","potentialAction":[{"@type":"ReadAction","target":["https:\/\/skyplanner.ai\/hu\/forrasok\/termelesi-menedzser-fizetes-norvegiaban-2026\/"]}]},{"@type":"ImageObject","inLanguage":"hu-HU","@id":"https:\/\/skyplanner.ai\/hu\/forrasok\/termelesi-menedzser-fizetes-norvegiaban-2026\/#primaryimage","url":"https:\/\/skyplanner.ai\/wp-content\/uploads\/2023\/09\/Production-Manager-Salary-in-Norway.png","contentUrl":"https:\/\/skyplanner.ai\/wp-content\/uploads\/2023\/09\/Production-Manager-Salary-in-Norway.png","width":4990,"height":3327},{"@type":"BreadcrumbList","@id":"https:\/\/skyplanner.ai\/hu\/forrasok\/termelesi-menedzser-fizetes-norvegiaban-2026\/#breadcrumb","itemListElement":[{"@type":"ListItem","position":1,"name":"Home","item":"https:\/\/skyplanner.ai\/hu\/"},{"@type":"ListItem","position":2,"name":"Termel\u00e9si menedzser fizet\u00e9se Norv\u00e9gi\u00e1ban 2026"}]},{"@type":"WebSite","@id":"https:\/\/skyplanner.ai\/hu\/#website","url":"https:\/\/skyplanner.ai\/hu\/","name":"SkyPlanner","description":"AI-powered production scheduling and planning software","publisher":{"@id":"https:\/\/skyplanner.ai\/hu\/#organization"},"potentialAction":[{"@type":"SearchAction","target":{"@type":"EntryPoint","urlTemplate":"https:\/\/skyplanner.ai\/hu\/?s={search_term_string}"},"query-input":{"@type":"PropertyValueSpecification","valueRequired":true,"valueName":"search_term_string"}}],"inLanguage":"hu-HU"},{"@type":"Organization","@id":"https:\/\/skyplanner.ai\/hu\/#organization","name":"Skycode Oy","url":"https:\/\/skyplanner.ai\/hu\/","logo":{"@type":"ImageObject","inLanguage":"hu-HU","@id":"https:\/\/skyplanner.ai\/hu\/#\/schema\/logo\/image\/","url":"https:\/\/skyplanner.ai\/wp-content\/uploads\/2022\/05\/Skyplanner-logo-2.svg","contentUrl":"https:\/\/skyplanner.ai\/wp-content\/uploads\/2022\/05\/Skyplanner-logo-2.svg","width":223,"height":43,"caption":"SkyPlanner APS"},"image":{"@id":"https:\/\/skyplanner.ai\/hu\/#\/schema\/logo\/image\/"},"legalName":"Skycode Oy","alternateName":["Skycode","SkyPlanner","SkyPlanner APS"],"description":"Skycode Oy is the Finnish software company that develops and publishes SkyPlanner APS, AI production scheduling and advanced planning and scheduling (APS) software for manufacturers worldwide. Founded in 1997 as a sole proprietorship and incorporated as Skycode Oy in 2008.","foundingDate":"1997","taxID":"2204947-0","vatID":"FI22049470","telephone":"+358407000002","email":"support@skyplanner.ai","address":{"@type":"PostalAddress","streetAddress":"Rantakatu 2 G 11","postalCode":"65100","addressLocality":"Vaasa","addressCountry":"FI"},"brand":{"@type":"Brand","name":"SkyPlanner"},"knowsAbout":["Production Scheduling","Advanced Planning and Scheduling","Manufacturing AI","Finite Capacity Scheduling","ERP Integration","MES Integration"],"areaServed":"Worldwide","contactPoint":[{"@type":"ContactPoint","contactType":"sales","url":"https:\/\/skyplanner.ai\/contact-sales\/","areaServed":"Worldwide"},{"@type":"ContactPoint","contactType":"customer support","email":"support@skyplanner.ai","telephone":"+358407000002","areaServed":"Worldwide"}],"sameAs":["https:\/\/skycode.fi\/","https:\/\/www.linkedin.com\/company\/skycodeoy\/","https:\/\/www.finder.fi\/IT-konsultointi+IT-palvelut\/Skycode+Oy\/Vaasa\/yhteystiedot\/1934882","https:\/\/www.linkedin.com\/company\/skyplanner-aps\/","https:\/\/www.youtube.com\/@SkyPlannerAPS","https:\/\/www.capterra.com\/p\/265911\/SkyPlanner-APS\/","https:\/\/www.trustradius.com\/products\/skyplanner-aps\/reviews","https:\/\/www.saasworthy.com\/product\/skyplanner-aps","https:\/\/sourceforge.net\/software\/product\/SkyPlanner-APS\/","https:\/\/www.g2.com\/products\/skyplanner-aps\/","https:\/\/www.getapp.com\/project-management-planning-software\/a\/skyplanner-aps\/","https:\/\/www.softwareadvice.com\/cmms\/skyplanner-aps-profile\/"]},{"@type":"Person","@id":"https:\/\/skyplanner.ai\/hu\/#\/schema\/person\/9122a7382a3a91f77e5ed0207811724a","name":"SkyPlanner","image":{"@type":"ImageObject","inLanguage":"hu-HU","@id":"https:\/\/secure.gravatar.com\/avatar\/b7d00e63bfb49c23e740cab317acbfb7287b7fa23d51b75e89a6659494daa9dd?s=96&d=mm&r=g","url":"https:\/\/secure.gravatar.com\/avatar\/b7d00e63bfb49c23e740cab317acbfb7287b7fa23d51b75e89a6659494daa9dd?s=96&d=mm&r=g","contentUrl":"https:\/\/secure.gravatar.com\/avatar\/b7d00e63bfb49c23e740cab317acbfb7287b7fa23d51b75e89a6659494daa9dd?s=96&d=mm&r=g","caption":"SkyPlanner"}}]}},"uagb_featured_image_src":{"full":["https:\/\/skyplanner.ai\/wp-content\/uploads\/2023\/09\/Production-Manager-Salary-in-Norway.png",4990,3327,false],"thumbnail":["https:\/\/skyplanner.ai\/wp-content\/uploads\/2023\/09\/Production-Manager-Salary-in-Norway-150x150.png",150,150,true],"medium":["https:\/\/skyplanner.ai\/wp-content\/uploads\/2023\/09\/Production-Manager-Salary-in-Norway-300x200.png",300,200,true],"medium_large":["https:\/\/skyplanner.ai\/wp-content\/uploads\/2023\/09\/Production-Manager-Salary-in-Norway-768x512.png",768,512,true],"large":["https:\/\/skyplanner.ai\/wp-content\/uploads\/2023\/09\/Production-Manager-Salary-in-Norway-1024x683.png",1024,683,true],"1536x1536":["https:\/\/skyplanner.ai\/wp-content\/uploads\/2023\/09\/Production-Manager-Salary-in-Norway-1536x1024.png",1536,1024,true],"2048x2048":["https:\/\/skyplanner.ai\/wp-content\/uploads\/2023\/09\/Production-Manager-Salary-in-Norway-2048x1365.png",2048,1365,true],"betterdocs-category-thumb":["https:\/\/skyplanner.ai\/wp-content\/uploads\/2023\/09\/Production-Manager-Salary-in-Norway.png",360,240,false]},"uagb_author_info":{"display_name":"SkyPlanner","author_link":"https:\/\/skyplanner.ai\/hu\/author\/bettina\/"},"uagb_comment_info":0,"uagb_excerpt":"Production Manager Salary in Norway 2026 Home\u00a0\u00bb\u00a0Resources\u00a0\u00bb\u00a0Production Manager Salary in Norway 2026 The average production manager salary in Norway in 2026 is around NOK 872,500 annually.\u00a0 In 2026, Norway has cemented its reputation as a formidable player in the manufacturing domain, marking significant strides in innovation and expansion. This surge reflects technological advancements and the&hellip;","_links":{"self":[{"href":"https:\/\/skyplanner.ai\/hu\/wp-json\/wp\/v2\/posts\/20313","targetHints":{"allow":["GET"]}}],"collection":[{"href":"https:\/\/skyplanner.ai\/hu\/wp-json\/wp\/v2\/posts"}],"about":[{"href":"https:\/\/skyplanner.ai\/hu\/wp-json\/wp\/v2\/types\/post"}],"author":[{"embeddable":true,"href":"https:\/\/skyplanner.ai\/hu\/wp-json\/wp\/v2\/users\/6"}],"replies":[{"embeddable":true,"href":"https:\/\/skyplanner.ai\/hu\/wp-json\/wp\/v2\/comments?post=20313"}],"version-history":[{"count":2,"href":"https:\/\/skyplanner.ai\/hu\/wp-json\/wp\/v2\/posts\/20313\/revisions"}],"predecessor-version":[{"id":95237,"href":"https:\/\/skyplanner.ai\/hu\/wp-json\/wp\/v2\/posts\/20313\/revisions\/95237"}],"wp:featuredmedia":[{"embeddable":true,"href":"https:\/\/skyplanner.ai\/hu\/wp-json\/wp\/v2\/media\/20749"}],"wp:attachment":[{"href":"https:\/\/skyplanner.ai\/hu\/wp-json\/wp\/v2\/media?parent=20313"}],"wp:term":[{"taxonomy":"category","embeddable":true,"href":"https:\/\/skyplanner.ai\/hu\/wp-json\/wp\/v2\/categories?post=20313"},{"taxonomy":"post_tag","embeddable":true,"href":"https:\/\/skyplanner.ai\/hu\/wp-json\/wp\/v2\/tags?post=20313"}],"curies":[{"name":"wp","href":"https:\/\/api.w.org\/{rel}","templated":true}]}}