{"id":16642,"date":"2023-09-02T16:17:50","date_gmt":"2023-09-02T16:17:50","guid":{"rendered":"https:\/\/skyplanner.ai\/forrasok\/erp-keszletgazdalkodas\/"},"modified":"2025-05-15T08:31:48","modified_gmt":"2025-05-15T08:31:48","slug":"erp-keszletgazdalkodas","status":"publish","type":"post","link":"https:\/\/skyplanner.ai\/hu\/forrasok\/erp-keszletgazdalkodas\/","title":{"rendered":"ERP k\u00e9szletgazd\u00e1lkod\u00e1s"},"content":{"rendered":"<div class=\"gb-container gb-container-bf558a89\">\n\n<h1 class=\"wp-block-heading\" id=\"h-erp-inventory-management\">ERP k\u00e9szletgazd\u00e1lkod\u00e1s<\/h1>\n\n\n<div class=\"gb-container gb-container-e8026af9\">\n\n<p><a href=\"https:\/\/skyplanner.ai\/hu\/\">Kezd\u0151lap<\/a> \u00bb <a href=\"https:\/\/skyplanner.ai\/hu\/forrasok\/\">Forr\u00e1sok<\/a> \u00bb ERP k\u00e9szletgazd\u00e1lkod\u00e1s<\/p>\n\n\n\n<p class=\"yoast-reading-time__wrapper\"><span class=\"yoast-reading-time__icon\"><svg xmlns=\"http:\/\/www.w3.org\/2000\/svg\" aria-hidden=\"true\" focusable=\"false\" data-icon=\"clock\" width=\"20\" height=\"20\" fill=\"none\" stroke=\"currentColor\" style=\"display:inline-block;vertical-align:-0.1em\" role=\"img\" viewbox=\"0 0 24 24\"><path stroke-linecap=\"round\" stroke-linejoin=\"round\" stroke-width=\"2\" d=\"M12 8v4l3 3m6-3a9 9 0 11-18 0 9 9 0 0118 0z\"><\/path><\/svg><\/span><span class=\"yoast-reading-time__spacer\" style=\"display:inline-block;width:1em\"><\/span><span class=\"yoast-reading-time__descriptive-text\">Becs\u00fclt olvas\u00e1si id\u0151: <\/span><span class=\"yoast-reading-time__reading-time\">16<\/span><span class=\"yoast-reading-time__time-unit\"> percek<\/span><\/p>\n\n<\/div>\n\n<div class=\"gb-container gb-container-f0fd57d0\">\n\n<p>K\u00e9pzelj\u00fcnk el egy olyan gy\u00e1rt\u00f3termet, ahol a t\u00e9telek rejt\u00e9lyes m\u00f3don elt\u0171nnek, az ell\u00e1t\u00e1si l\u00e1ncok k\u00e1oszba keverednek, a gy\u00e1rt\u00e1stervez\u0151k pedig \u00e9rtetlen\u00fcl vakargatj\u00e1k a fej\u00fcket. K\u00e9pzelj\u00fcnk el egy olyan vil\u00e1got, ahol minden term\u00e9k, minden alkatr\u00e9sz \u00e9s minden er\u0151forr\u00e1s sz\u00e1mon van tartva, \u00e9s z\u00f6kken\u0151mentesen integr\u00e1l\u00f3dik a nagyobb \u00fczleti k\u00e9pbe. Ez nem \u00e1lom. Ez a var\u00e1zslatos ERP K\u00e9szletgazd\u00e1lkod\u00e1s, mint <a href=\"https:\/\/skyplanner.ai\/hu\/forrasok\/erp-modulok\/\">ERP modul<\/a>. Minden el\u0151remutat\u00f3 v\u00e1llalat sz\u00e1m\u00e1ra, k\u00fcl\u00f6n\u00f6sen azok sz\u00e1m\u00e1ra, akik egy cs\u00facsmin\u0151s\u00e9g\u0171 APS-rendszerre vad\u00e1sznak, az ERP k\u00e9szletgazd\u00e1lkod\u00e1s l\u00e9tfontoss\u00e1g\u00fa szerep\u00e9nek meg\u00e9rt\u00e9se nem csup\u00e1n luxus, hanem alapvet\u0151 sz\u00fcks\u00e9glet. Ahogy egyre m\u00e9lyebbre mer\u00fcl\u00fcnk a v\u00e1llalati er\u0151forr\u00e1s-tervez\u00e9s birodalm\u00e1ban, fedezz\u00fck fel, hogy mi\u00e9rt olyan b\u00f6lcs befektet\u00e9s az ERP k\u00e9szletgazd\u00e1lkod\u00e1s.<\/p>\n\n\n\t\t\t\t<div class=\"wp-block-uagb-table-of-contents uagb-toc__align-left uagb-toc__columns-1  uagb-block-37d9e5a5      \"\n\t\t\t\t\tdata-scroll= \"1\"\n\t\t\t\t\tdata-offset= \"30\"\n\t\t\t\t\tstyle=\"\"\n\t\t\t\t>\n\t\t\t\t<div class=\"uagb-toc__wrap\">\n\t\t\t\t\t\t<div class=\"uagb-toc__title\">\n\t\t\t\t\t\t\tTable Of Contents\t\t\t\t\t\t<\/div>\n\t\t\t\t\t\t\t\t\t\t\t\t\t\t\t\t\t\t\t\t\t\t<div class=\"uagb-toc__list-wrap \">\n\t\t\t\t\t\t<ol class=\"uagb-toc__list\"><li class=\"uagb-toc__list\"><a href=\"#tldr\" class=\"uagb-toc-link__trigger\">TL;DR<\/a><li class=\"uagb-toc__list\"><a href=\"#az-erp-k\u00e9szletgazd\u00e1lkod\u00e1s-meg\u00e9rt\u00e9se\" class=\"uagb-toc-link__trigger\">Az ERP k\u00e9szletgazd\u00e1lkod\u00e1s meg\u00e9rt\u00e9se<\/a><li class=\"uagb-toc__list\"><a href=\"#az-erp-k\u00e9szletgazd\u00e1lkod\u00e1s-fontos-szerepe\" class=\"uagb-toc-link__trigger\">Az ERP k\u00e9szletgazd\u00e1lkod\u00e1s fontos szerepe<\/a><li class=\"uagb-toc__list\"><a href=\"#az-erp-k\u00e9szletgazd\u00e1lkod\u00e1s-el\u0151nyei\" class=\"uagb-toc-link__trigger\">Az ERP k\u00e9szletgazd\u00e1lkod\u00e1s el\u0151nyei<\/a><li class=\"uagb-toc__list\"><a href=\"#a-modul-f\u0151-\u00f6sszetev\u0151i\" class=\"uagb-toc-link__trigger\">A modul f\u0151 \u00f6sszetev\u0151i<\/a><li class=\"uagb-toc__list\"><a href=\"#j\u00f6v\u0151beli-trendek-az-erp-k\u00e9szletgazd\u00e1lkod\u00e1sban\" class=\"uagb-toc-link__trigger\">J\u00f6v\u0151beli trendek az ERP k\u00e9szletgazd\u00e1lkod\u00e1sban<\/a><li class=\"uagb-toc__list\"><a href=\"#a-modul-el\u0151nyeit-\u00e9lvez\u0151-ipar\u00e1gak\" class=\"uagb-toc-link__trigger\">A modul el\u0151nyeit \u00e9lvez\u0151 ipar\u00e1gak<\/a><li class=\"uagb-toc__list\"><a href=\"#skyplanner-\u00e9s-erp-k\u00e9szletgazd\u00e1lkod\u00e1s\" class=\"uagb-toc-link__trigger\">Skyplanner \u00e9s ERP k\u00e9szletgazd\u00e1lkod\u00e1s<\/a><\/ol>\t\t\t\t\t<\/div>\n\t\t\t\t\t\t\t\t\t<\/div>\n\t\t\t\t<\/div>\n\t\t\t\n\n\n<h2 class=\"gb-headline gb-headline-fdbd5561 gb-headline-text\">TL;DR<\/h2>\n\n\n\n<p>A modern \u00fczleti vil\u00e1gban a k\u00e9szletek hat\u00e9kony kezel\u00e9se kulcsfontoss\u00e1g\u00fa. Az ERP K\u00e9szletgazd\u00e1lkod\u00e1s ERP-modulk\u00e9nt \u00e1tfog\u00f3 megold\u00e1st ny\u00fajt, amely biztos\u00edtja, hogy minden term\u00e9k \u00e9s er\u0151forr\u00e1s z\u00f6kken\u0151mentesen integr\u00e1lva \u00e9s elsz\u00e1molva legyen. Ez a modul nemcsak val\u00f3s idej\u0171 betekint\u00e9st ny\u00fajt a k\u00e9szletszintekbe, hanem el\u0151rejelzi a keresletet is, \u00e9s z\u00f6kken\u0151mentesen integr\u00e1lhat\u00f3 m\u00e1s \u00fczleti folyamatokkal. A v\u00e1llalati er\u0151forr\u00e1s-tervez\u00e9s k\u00f6zponti elemek\u00e9nt c\u00e9lja, hogy holisztikus k\u00e9pet adjon a k\u00e9szletekr\u0151l, n\u00f6velve az \u00e1ltal\u00e1nos m\u0171k\u00f6d\u00e9si hat\u00e9konys\u00e1got. A Skyplannerhez hasonl\u00f3 fejlett eszk\u00f6z\u00f6kkel tov\u00e1bb optimaliz\u00e1lhat\u00f3 ez a folyamat. A folyamatosan fejl\u0151d\u0151 technol\u00f3giai k\u00f6rnyezetben az olyan ipar\u00e1gak, mint a gy\u00e1rt\u00e1s, a kiskereskedelem, a gy\u00f3gyszeripar, az \u00e9lelmiszer- \u00e9s italgy\u00e1rt\u00e1s, valamint az aut\u00f3ipar \u00f3ri\u00e1si haszn\u00e1t vehetik az ERP k\u00e9szletgazd\u00e1lkod\u00e1snak. L\u00e9pjen kapcsolatba vel\u00fcnk, hogy felfedezze, hogyan alak\u00edthatja \u00e1t a Skyplanner a k\u00e9szletgazd\u00e1lkod\u00e1si \u00e9s gy\u00e1rt\u00e1stervez\u00e9si t\u00f6rekv\u00e9seit.<\/p>\n\n\n\n<h2 class=\"wp-block-heading\">Az ERP k\u00e9szletgazd\u00e1lkod\u00e1s meg\u00e9rt\u00e9se<\/h2>\n\n\n\n<p>Az ERP, azaz a <a href=\"https:\/\/skyplanner.ai\/hu\/forrasok\/mi-az-erp\/\">v\u00e1llalati er\u0151forr\u00e1s-tervez\u00e9s<\/a> a modern \u00fczleti m\u0171k\u00f6d\u00e9s egyik jelz\u0151f\u00e9nye.  <\/p>\n\n\n<div class=\"gb-container gb-container-ce737323\"><div class=\"gb-inside-container\">\n\n<p><strong>Az ERP K\u00e9szletgazd\u00e1lkod\u00e1s egy olyan k\u00f6zponti modul, amely a v\u00e1llalaton bel\u00fcli k\u00e9szletek \u00e9s k\u00e9szletek \u00e1tfog\u00f3 fel\u00fcgyelet\u00e9re szolg\u00e1l.<\/strong> <\/p>\n\n<\/div><\/div>\n\n\n<p>Az ERP K\u00e9szletgazd\u00e1lkod\u00e1s ezeket a feladatokat a rakt\u00e1rakban l\u00e9v\u0151 term\u00e9kek nyomon k\u00f6vet\u00e9s\u00e9t\u0151l kezdve a k\u00edn\u00e1lat \u00e9s a kereslet k\u00f6z\u00f6tti egyens\u00faly fenntart\u00e1s\u00e1ig kifinomultan l\u00e1tja el.<\/p>\n\n\n\n<p><strong>\u00d6sszess\u00e9g\u00e9ben az ERP k\u00e9szletgazd\u00e1lkod\u00e1s egy olyan er\u0151teljes eszk\u00f6z, amelyet \u00fagy terveztek, hogy val\u00f3s idej\u0171 betekint\u00e9st ny\u00fajtson a k\u00e9szletszintekbe, el\u0151rejelezze a keresletet, s\u0151t, m\u00e9g a j\u00f6v\u0151beli k\u00e9szletig\u00e9nyeket is megj\u00f3solja.<\/strong>  Az \u00e1ltala biztos\u00edtott puszta ellen\u0151rz\u00e9s mellett felbecs\u00fclhetetlen \u00e9rt\u00e9k\u0171 h\u00eddk\u00e9nt is m\u0171k\u00f6dik a gy\u00e1rt\u00e1stervez\u00e9s, az \u00e9rt\u00e9kes\u00edt\u00e9s, a beszerz\u00e9s \u00e9s a k\u00e9szletellen\u0151rz\u00e9s k\u00f6z\u00f6tt.<\/p>\n\n\n\n<h2 class=\"wp-block-heading\">Az ERP k\u00e9szletgazd\u00e1lkod\u00e1s fontos szerepe  <\/h2>\n\n\n\n<p>A modern \u00fczleti tev\u00e9kenys\u00e9gek dinamikus k\u00f6rnyezet\u00e9ben a hat\u00e9konys\u00e1g, a pontoss\u00e1g \u00e9s a val\u00f3s idej\u0171 adatkezel\u00e9s ir\u00e1nti t\u00f6rekv\u00e9s kiemelked\u0151 fontoss\u00e1g\u00fa. E t\u00f6rekv\u00e9s k\u00f6z\u00e9ppontj\u00e1ban a lelt\u00e1rkezel\u00e9s kritikus funkci\u00f3ja \u00e1ll. M\u00edg a k\u00e9szletgazd\u00e1lkod\u00e1s \u00f6nmag\u00e1ban egy hatalmas ter\u00fclet, a v\u00e1llalati er\u0151forr\u00e1s-tervez\u00e9si (ERP) rendszerbe \u00e1gyazva \u00e1talakul, \u00e9s m\u00e9g hat\u00e9konyabb eszk\u00f6zz\u00e9 v\u00e1lik.  <strong>Az ERP k\u00e9szletgazd\u00e1lkod\u00e1s f\u0151 c\u00e9lja, hogy biztos\u00edtsa a k\u00e9szletadatok z\u00f6kken\u0151mentes integr\u00e1ci\u00f3j\u00e1t m\u00e1s \u00fczleti folyamatokkal, holisztikus k\u00e9pet \u00e9s fokozott ellen\u0151rz\u00e9st biztos\u00edtva a teljes m\u0171k\u00f6d\u00e9si l\u00e1nc felett.  <\/strong><\/p>\n\n\n\n<div class=\"wp-block-uagb-image uagb-block-1140bd38 wp-block-uagb-image--layout-default wp-block-uagb-image--effect-static wp-block-uagb-image--align-none\"><figure class=\"wp-block-uagb-image__figure\"><img decoding=\"async\" srcset=\"https:\/\/skyplanner.ai\/wp-content\/uploads\/2022\/08\/Display-wide-5-1024x536.png\n \" sizes=\"auto, (max-width: 480px) 150px\" src=\"https:\/\/skyplanner.ai\/wp-content\/uploads\/2022\/08\/Display-wide-5-1024x536.png\" alt=\"\" class=\"uag-image-6463\" width=\"1024\" height=\"536\" title=\"\" loading=\"lazy\" role=\"img\"><\/figure><\/div>\n\n\n\n<h2 class=\"wp-block-heading\">Az ERP k\u00e9szletgazd\u00e1lkod\u00e1s el\u0151nyei<\/h2>\n\n\n\n<h4 class=\"gb-headline gb-headline-8da619a8 gb-headline-text\">Holisztikus lelt\u00e1r l\u00e1that\u00f3s\u00e1g<\/h4>\n\n\n\n<p>A k\u00fcl\u00f6nb\u00f6z\u0151 helysz\u00edneken \u00e9s rakt\u00e1rakban l\u00e9v\u0151 k\u00e9szletszintek \u00e1tfog\u00f3 \u00e1ttekint\u00e9se m\u00e1r nem luxus, hanem sz\u00fcks\u00e9gszer\u0171s\u00e9g. Az ERP K\u00e9szletgazd\u00e1lkod\u00e1s val\u00f3s idej\u0171 pillanatfelv\u00e9telt ny\u00fajt a rendelkez\u00e9sre \u00e1ll\u00f3 k\u00e9szletekr\u0151l, a sz\u00e1ll\u00edt\u00e1s alatt \u00e1ll\u00f3 term\u00e9kekr\u0151l \u00e9s az el\u0151re jelzett k\u00e9szletszintekr\u0151l, \u00edgy biztos\u00edtva, hogy a v\u00e1llalkoz\u00e1sok soha ne legyenek s\u00f6t\u00e9tben tapogat\u00f3zva.<\/p>\n\n\n\n<h4 class=\"gb-headline gb-headline-cfff3b2c gb-headline-text\">Fokozott el\u0151rejelz\u00e9si pontoss\u00e1g<\/h4>\n\n\n\n<p>A m\u00faltbeli adatok \u00e9s az aktu\u00e1lis trendek seg\u00edts\u00e9g\u00e9vel az ERP k\u00e9szletgazd\u00e1lkod\u00e1s lehet\u0151v\u00e9 teszi a v\u00e1llalkoz\u00e1sok sz\u00e1m\u00e1ra, hogy pontosabban megj\u00f3solj\u00e1k a j\u00f6v\u0151beli keresletet. Ez a proakt\u00edv megk\u00f6zel\u00edt\u00e9s megakad\u00e1lyozza a k\u00e9szletkimarad\u00e1sokat \u00e9s a t\u00falk\u00edn\u00e1latot.<\/p>\n\n\n\n<h4 class=\"gb-headline gb-headline-9c9a7234 gb-headline-text\">K\u00f6lts\u00e9gmegtakar\u00edt\u00e1s<\/h4>\n\n\n\n<p>A felesleges k\u00e9szletek tart\u00e1sa k\u00f6lts\u00e9gekkel j\u00e1r. Az ERP k\u00e9szletgazd\u00e1lkod\u00e1s a k\u00e9szletig\u00e9nyek pontos ismeret\u00e9vel biztos\u00edtja az optim\u00e1lis k\u00e9szletszinteket, ami jelent\u0151s k\u00f6lts\u00e9gmegtakar\u00edt\u00e1st \u00e9s a k\u00e9szletekben lek\u00f6t\u00f6tt t\u0151ke cs\u00f6kkent\u00e9s\u00e9t eredm\u00e9nyezi.<\/p>\n\n\n\n<h4 class=\"gb-headline gb-headline-34df9ecf gb-headline-text\">Z\u00f6kken\u0151mentes integr\u00e1ci\u00f3 m\u00e1s modulokkal<\/h4>\n\n\n\n<p>Az ERP k\u00e9szletgazd\u00e1lkod\u00e1s nem m\u0171k\u00f6dik elszigetelten. Harmonikusan integr\u00e1l\u00f3dik m\u00e1s modulokkal, p\u00e9ld\u00e1ul a beszerz\u00e9ssel, az \u00e9rt\u00e9kes\u00edt\u00e9ssel \u00e9s a p\u00e9nz\u00fcgyekkel, egys\u00e9ges adat\u00e1raml\u00e1st biztos\u00edtva, \u00e9s biztos\u00edtva, hogy minden r\u00e9szleg egy oldalon \u00e1lljon.<\/p>\n\n\n\n<h4 class=\"gb-headline gb-headline-fb4302e6 gb-headline-text\">Automatiz\u00e1lt k\u00e9szletellen\u0151rz\u00e9s<\/h4>\n\n\n\n<p>A k\u00e9zi k\u00e9szletellen\u0151rz\u00e9s id\u0151ig\u00e9nyes \u00e9s hibalehet\u0151s\u00e9gekkel j\u00e1r. Az ERP k\u00e9szletgazd\u00e1lkod\u00e1s automatiz\u00e1lja ezeket a folyamatokat, biztos\u00edtja az id\u0151ben t\u00f6rt\u00e9n\u0151 \u00fajrarendel\u00e9seket, a t\u00e9telek nyomon k\u00f6vet\u00e9s\u00e9t \u00e9s a lej\u00e1rati id\u0151 ellen\u0151rz\u00e9s\u00e9t, cs\u00f6kkentve ezzel az emberi beavatkoz\u00e1st \u00e9s a hib\u00e1kat.<\/p>\n\n\n\n<h4 class=\"gb-headline gb-headline-91b77db5 gb-headline-text\">Optimaliz\u00e1lt rendel\u00e9skiszolg\u00e1l\u00e1s<\/h4>\n\n\n\n<p>Az \u00fcgyfelek el\u00e9gedetts\u00e9g\u00e9nek meg\u0151rz\u00e9se kulcsfontoss\u00e1g\u00fa. A val\u00f3s idej\u0171 k\u00e9szletadatokkal a v\u00e1llalkoz\u00e1sok pontos sz\u00e1ll\u00edt\u00e1si d\u00e1tumokat \u00edg\u00e9rhetnek \u00fcgyfeleiknek, n\u00f6velve ezzel az el\u00e9gedetts\u00e9get \u00e9s a bizalmat.<\/p>\n\n\n\n<h4 class=\"gb-headline gb-headline-861f6b2d gb-headline-text\">Cs\u00f6kkentett k\u00e9szletpazarl\u00e1s<\/h4>\n\n\n\n<p>Ak\u00e1r romland\u00f3 \u00e1rukr\u00f3l, ak\u00e1r szavatoss\u00e1gi id\u0151vel rendelkez\u0151 term\u00e9kekr\u0151l van sz\u00f3, az eladatlan k\u00e9szlet vesztes\u00e9get jelent. Az ERP k\u00e9szletgazd\u00e1lkod\u00e1s betekint\u00e9st ny\u00fajt a lassan forg\u00f3 t\u00e9telekbe, lehet\u0151v\u00e9 t\u00e9ve a v\u00e1llalkoz\u00e1sok sz\u00e1m\u00e1ra, hogy proakt\u00edv int\u00e9zked\u00e9seket tegyenek, ak\u00e1r prom\u00f3ci\u00f3k vagy csomagaj\u00e1nlatok r\u00e9v\u00e9n.<\/p>\n\n\n\n<h4 class=\"gb-headline gb-headline-98be8df7 gb-headline-text\">Adatvez\u00e9relt d\u00f6nt\u00e9shozatal<\/h4>\n\n\n\n<p><strong><\/strong>Az ERP k\u00e9szletgazd\u00e1lkod\u00e1sb\u00f3l sz\u00e1rmaz\u00f3 inform\u00e1ci\u00f3kkal felv\u00e9rtezve az \u00fczleti vezet\u0151k megalapozott d\u00f6nt\u00e9seket hozhatnak, legyen sz\u00f3 egy \u00faj term\u00e9k bevezet\u00e9s\u00e9r\u0151l, egy lassan fogy\u00f3 term\u00e9k megsz\u00fcntet\u00e9s\u00e9r\u0151l vagy egy adott k\u00e9szletre vonatkoz\u00f3 prom\u00f3ci\u00f3s tev\u00e9kenys\u00e9gekbe val\u00f3 befektet\u00e9sr\u0151l.<\/p>\n\n<\/div>\n\n<div class=\"gb-container gb-container-f7e777f3\">\n<div class=\"gb-container gb-container-0a56c9fa sticky\"><div class=\"gb-inside-container\">\n<div class=\"gb-container gb-container-eed176fc\"><div class=\"gb-inside-container\">\n<div class=\"gb-grid-wrapper gb-grid-wrapper-1b2f16ae\">\n<div class=\"gb-grid-column gb-grid-column-be655727\"><div class=\"gb-container gb-container-be655727\"><div class=\"gb-inside-container\">\n\n<figure class=\"wp-block-image size-large\"><img decoding=\"async\" width=\"1024\" height=\"685\" src=\"https:\/\/skyplanner.ai\/wp-content\/uploads\/2022\/06\/Production-planning-Straight-PNG-1-1024x685.png\" alt=\"SkyPlanner APS - Production planning and scheduling product image straight view\" class=\"wp-image-4339\" srcset=\"https:\/\/skyplanner.ai\/wp-content\/uploads\/2022\/06\/Production-planning-Straight-PNG-1-1024x685.png 1024w, https:\/\/skyplanner.ai\/wp-content\/uploads\/2022\/06\/Production-planning-Straight-PNG-1-300x201.png 300w, https:\/\/skyplanner.ai\/wp-content\/uploads\/2022\/06\/Production-planning-Straight-PNG-1-768x514.png 768w, https:\/\/skyplanner.ai\/wp-content\/uploads\/2022\/06\/Production-planning-Straight-PNG-1-1536x1027.png 1536w, https:\/\/skyplanner.ai\/wp-content\/uploads\/2022\/06\/Production-planning-Straight-PNG-1-2048x1370.png 2048w\" sizes=\"(max-width: 1024px) 100vw, 1024px\" \/><\/figure>\n\n<\/div><\/div><\/div>\n\n<div class=\"gb-grid-column gb-grid-column-0821f9a0\"><div class=\"gb-container gb-container-0821f9a0\"><div class=\"gb-inside-container\">\n\n<h4 class=\"wp-block-heading mobile-text-center\" id=\"h-advanced-production-planning-with-ai-skyplanner-aps\" style=\"font-size:24px\">Advanced production planning with AI &#8211; SkyPlanner APS<\/h4>\n\n\n\n<p class=\"mobile-text-center\">Read more about our approach to production planning and optimization leveraging the power of AI.<\/p>\n\n\n<div class=\"gb-button-wrapper gb-button-wrapper-690cb95e\">\n\n<a class=\"gb-button gb-button-7b87a903 gb-button-text\" href=\"https:\/\/skyplanner.ai\/\" aria-label=\"Book a demo\">Production planning with AI<\/a>\n\n<\/div>\n<\/div><\/div><\/div>\n<\/div>\n<\/div><\/div>\n<\/div><\/div>\n<\/div>\n\n<div class=\"gb-container gb-container-33d6b196\">\n\n<h2 class=\"wp-block-heading\">A modul f\u0151 \u00f6sszetev\u0151i<\/h2>\n\n\n\n<p>A k\u00e9szletdinamika p\u00e1ratlan meg\u00e9rt\u00e9s\u00e9t biztos\u00edt\u00f3 ERP K\u00e9szletgazd\u00e1lkod\u00e1s sz\u00e1mos kulcsfontoss\u00e1g\u00fa komponenst egyes\u00edt az \u00fczleti hat\u00e9konys\u00e1g n\u00f6vel\u00e9se \u00e9rdek\u00e9ben. B\u00e1r a modulnak sz\u00e1mos aspektusa van, a k\u00f6vetkez\u0151 elemek a modul l\u00e9nyeg\u00e9t k\u00e9pezik:<\/p>\n\n\n\n<h4 class=\"gb-headline gb-headline-6c5ae382 gb-headline-text\">Term\u00e9k t\u00f6rzsadatok<\/h4>\n\n\n\n<p>Ez k\u00e9pezi a k\u00e9szletgazd\u00e1lkod\u00e1s alapj\u00e1t. Ez mag\u00e1ban foglalja a term\u00e9k minden l\u00e9nyeges adat\u00e1t, mint p\u00e9ld\u00e1ul a SKU, a le\u00edr\u00e1s, az \u00e1r, a besz\u00e1ll\u00edt\u00f3i adatok \u00e9s \u00edgy tov\u00e1bb. A pontos \u00e9s k\u00f6zpontos\u00edtott term\u00e9kt\u00f6rzsadatok biztos\u00edtj\u00e1k a k\u00fcl\u00f6nb\u00f6z\u0151 \u00fczleti folyamatok konzisztenci\u00e1j\u00e1t.<\/p>\n\n\n\n<h4 class=\"gb-headline gb-headline-425df4e4 gb-headline-text\">Lelt\u00e1rk\u00f6vet\u00e9s<\/h4>\n\n\n\n<p>A k\u00e9szletgazd\u00e1lkod\u00e1s l\u00e9nyege a val\u00f3s idej\u0171 nyomon k\u00f6vet\u00e9sben rejlik. Ez a komponens lehet\u0151v\u00e9 teszi a v\u00e1llalkoz\u00e1sok sz\u00e1m\u00e1ra a k\u00e9szletszintek, a term\u00e9kmozg\u00e1sok \u00e9s a k\u00e9szlet\u00e1llapotok (rendelkez\u00e9sre \u00e1ll\u00f3, lefoglalt, \u00faton l\u00e9v\u0151) nyomon k\u00f6vet\u00e9s\u00e9t a z\u00f6kken\u0151mentes ell\u00e1t\u00e1si l\u00e1nc fenntart\u00e1sa \u00e9rdek\u00e9ben.<\/p>\n\n\n\n<h4 class=\"gb-headline gb-headline-aa983fff gb-headline-text\">Rendel\u00e9skezel\u00e9s<\/h4>\n\n\n\n<p>A megrendel\u00e9s l\u00e9trehoz\u00e1s\u00e1t\u00f3l a sz\u00e1ll\u00edt\u00e1sig \u00e9s a sz\u00e1ml\u00e1z\u00e1sig ez a komponens kezeli a megrendel\u00e9s teljes \u00e9letciklus\u00e1t. Biztos\u00edtja a rendel\u00e9sek id\u0151ben t\u00f6rt\u00e9n\u0151 teljes\u00edt\u00e9s\u00e9t, \u00e9s seg\u00edt megel\u0151zni a k\u00e9szletkimarad\u00e1sokat vagy a t\u00falk\u00edn\u00e1latot.<\/p>\n\n\n\n<h4 class=\"gb-headline gb-headline-5b2d9d40 gb-headline-text\">Rakt\u00e1rkezel\u00e9s<\/h4>\n\n\n\n<p>A k\u00e9szletszintek ismeret\u00e9n t\u00fal elengedhetetlen a rakt\u00e1ri m\u0171veletek optimaliz\u00e1l\u00e1sa. Ez a komponens olyan szempontokkal foglalkozik, mint a t\u00e1rol\u00e1s optimaliz\u00e1l\u00e1sa, a komissi\u00f3z\u00e1si \u00e9s csomagol\u00e1si folyamatok, valamint a rakt\u00e1r elrendez\u00e9s\u00e9nek tervez\u00e9se a hat\u00e9kony \u00e9s hibamentes m\u0171k\u00f6d\u00e9s biztos\u00edt\u00e1sa \u00e9rdek\u00e9ben.<\/p>\n\n\n\n<h4 class=\"gb-headline gb-headline-11a339cf gb-headline-text\">Anyagsz\u00fcks\u00e9glet-tervez\u00e9s (MRP)<\/h4>\n\n\n\n<p>A gy\u00e1rt\u00f3 v\u00e1llalatokra \u00f6sszpontos\u00edtva az MRP a termel\u00e9si \u00fctemterv alapj\u00e1n el\u0151re jelzi a sz\u00fcks\u00e9ges nyersanyagokat. A beszerz\u00e9si megrendel\u00e9sek \u00e9s a termel\u00e9si tervek szinkroniz\u00e1l\u00e1s\u00e1val seg\u00edti a k\u00f6lts\u00e9gmegtakar\u00edt\u00e1st \u00e9s biztos\u00edtja az anyagok id\u0151ben t\u00f6rt\u00e9n\u0151 rendelkez\u00e9sre \u00e1ll\u00e1s\u00e1t.<\/p>\n\n\n\n<h4 class=\"gb-headline gb-headline-6c3b67a9 gb-headline-text\">K\u00e9szlet el\u0151rejelz\u00e9s<\/h4>\n\n\n\n<p>Ez a komponens a m\u00faltbeli adatok \u00e9s a piaci trendek felhaszn\u00e1l\u00e1s\u00e1val seg\u00edti a v\u00e1llalkoz\u00e1sokat a j\u00f6v\u0151beli k\u00e9szletig\u00e9nyek el\u0151rejelz\u00e9s\u00e9ben. A rendszer seg\u00edt felk\u00e9sz\u00fclni az \u00e9rt\u00e9kes\u00edt\u00e9si cs\u00facsokra \u00e9s visszaes\u00e9sekre, ez\u00e1ltal megel\u0151zve a k\u00e9szletkimarad\u00e1sokat \u00e9s a t\u00falk\u00edn\u00e1latot.<\/p>\n\n\n\n<h4 class=\"gb-headline gb-headline-1e9b4971 gb-headline-text\">T\u00f6bb telephelyes menedzsment<\/h4>\n\n\n\n<p>Ez a funkci\u00f3 biztos\u00edtja a t\u00f6bb helysz\u00ednen vagy rakt\u00e1rban m\u0171k\u00f6d\u0151 v\u00e1llalkoz\u00e1sok sz\u00e1m\u00e1ra az \u00f6sszevont n\u00e9zetet \u00e9s k\u00e9szletellen\u0151rz\u00e9st. Seg\u00edti a k\u00e9szlet\u00e1tcsoportos\u00edt\u00e1sokat, az eloszt\u00e1s tervez\u00e9s\u00e9t \u00e9s az optim\u00e1lis k\u00e9szletszintek fenntart\u00e1s\u00e1t minden ter\u00fcleten.<\/p>\n\n\n\n<h4 class=\"gb-headline gb-headline-8927c3cc gb-headline-text\">Lelt\u00e1rjelent\u00e9s<\/h4>\n\n\n\n<p>Az id\u0151szakos k\u00e9szlet\u00e9rt\u00e9kel\u00e9sek, az \u00e9rt\u00e9kes\u00edt\u00e9si teljes\u00edtm\u00e9ny \u00e9s a beszerz\u00e9si \u00f6sszefoglal\u00f3k csak n\u00e9h\u00e1ny jelent\u00e9s, amelyet ez a komponens l\u00e9trehozhat. Ezek a jelent\u00e9sek kulcsfontoss\u00e1g\u00faak az ellen\u0151rz\u00e9sek, teljes\u00edtm\u00e9ny\u00e9rt\u00e9kel\u00e9sek \u00e9s a strat\u00e9giai tervez\u00e9s szempontj\u00e1b\u00f3l.<\/p>\n\n\n\n<h4 class=\"gb-headline gb-headline-dffcba4e gb-headline-text\">K\u00e9szletelemz\u00e9s \u00e9s m\u0171szerfalak<\/h4>\n\n\n\n<p>A hagyom\u00e1nyos jelent\u00e9sk\u00e9sz\u00edt\u00e9sen t\u00falmen\u0151en az analitika m\u00e9lyen belemer\u00fcl az adatokba, hogy haszn\u00e1lhat\u00f3 betekint\u00e9st ny\u00fajtson. A m\u0171szerfalak vizu\u00e1lis megjelen\u00edt\u00e9st ny\u00fajtanak, seg\u00edtve a v\u00e1llalkoz\u00e1sokat a trendek, mint\u00e1k \u00e9s a fejlesztend\u0151 ter\u00fcletek azonos\u00edt\u00e1s\u00e1ban.<\/p>\n\n\n\n<h4 class=\"gb-headline gb-headline-c0ce54fa gb-headline-text\">Integr\u00e1ci\u00f3s k\u00e9pess\u00e9gek<\/h4>\n\n\n\n<p>Ez az eszk\u00f6z nem egy elszigetelt egys\u00e9g. Er\u0151ss\u00e9ge a t\u00f6bbi ERP-modullal, p\u00e9ld\u00e1ul a p\u00e9nz\u00fcgyi, \u00e9rt\u00e9kes\u00edt\u00e9si \u00e9s beszerz\u00e9si modulokkal val\u00f3 integr\u00e1ci\u00f3ban rejlik. Ez a komponens biztos\u00edtja a modulok k\u00f6z\u00f6tti z\u00f6kken\u0151mentes adat\u00e1raml\u00e1st, egys\u00e9ges \u00e9s hat\u00e9kony rendszert hozva l\u00e9tre.<\/p>\n\n\n\n<p>B\u00e1r a fenti \u00f6sszetev\u0151k val\u00f3ban szerves r\u00e9sz\u00e9t k\u00e9pezik egy robusztus ERP k\u00e9szletgazd\u00e1lkod\u00e1si modulnak, fontos megjegyezni, hogy a ter\u00fclet hatalmas. Vannak m\u00e1s \u00f6sszetev\u0151k \u00e9s funkci\u00f3k, amelyeket a k\u00fcl\u00f6nb\u00f6z\u0151 ERP-megold\u00e1sok az ipar\u00e1gi ig\u00e9nyek \u00e9s fejleszt\u00e9sek alapj\u00e1n k\u00edn\u00e1lhatnak. Ez a t\u00edz \u00f6sszetev\u0151 azonban k\u00e9ts\u00e9gtelen\u00fcl egy sikeres ERP-k\u00e9szletgazd\u00e1lkod\u00e1si modul gerinc\u00e9t alkotja, biztos\u00edtva, hogy a v\u00e1llalkoz\u00e1sok mindig egy l\u00e9p\u00e9ssel el\u0151r\u00e9bb j\u00e1rjanak a k\u00e9szletgazd\u00e1lkod\u00e1sban.<\/p>\n\n\n\n<p><\/p>\n\n\n\n<div class=\"wp-block-uagb-image uagb-block-16bd3a90 wp-block-uagb-image--layout-default wp-block-uagb-image--effect-static wp-block-uagb-image--align-none\"><figure class=\"wp-block-uagb-image__figure\"><img decoding=\"async\" srcset=\"https:\/\/skyplanner.ai\/wp-content\/uploads\/2022\/06\/Solutions-header-Flat-PNG-1024x302.png  \" sizes=\"auto, (max-width: 480px) 150px\" src=\"https:\/\/skyplanner.ai\/wp-content\/uploads\/2022\/06\/Solutions-header-Flat-PNG-1024x302.png\" alt=\"SkyPlanner Advanced Planning and Scheduling Megold\u00e1sok termel\u00e9si probl\u00e9m\u00e1kra\" class=\"uag-image-4232\" width=\"1024\" height=\"302\" title=\"\" loading=\"lazy\" role=\"img\"><\/figure><\/div>\n\n\n\n<p><\/p>\n\n\n\n<h2 class=\"wp-block-heading\">J\u00f6v\u0151beli trendek az ERP k\u00e9szletgazd\u00e1lkod\u00e1sban  <\/h2>\n\n\n\n<p>Ahogy a technol\u00f3giai fejl\u0151d\u00e9s folyamatosan \u00e1talak\u00edtja az \u00fczleti \u00e9letet, az ERP k\u00e9szletgazd\u00e1lkod\u00e1s sem mentes\u00fcl ett\u0151l az \u00e1talakul\u00e1si hull\u00e1mt\u00f3l. A felt\u00f6rekv\u0151 technol\u00f3gi\u00e1k \u00e9s a v\u00e1ltoz\u00f3 \u00fczleti dinamika \u00f6sszeolvad\u00e1s\u00e1val sz\u00e1mos olyan trendre sz\u00e1m\u00edthatunk, amelyek \u00fajradefini\u00e1lj\u00e1k a v\u00e1llalatok k\u00e9szletgazd\u00e1lkod\u00e1s\u00e1t:<\/p>\n\n\n\n<ol class=\"wp-block-list\">\n<li><strong>A g\u00e9pi tanul\u00e1s \u00e9s a mesters\u00e9ges intelligencia integr\u00e1ci\u00f3ja<\/strong>: Az ML \u00e9s a mesters\u00e9ges intelligencia algoritmusok m\u00e9lyebbre hatolnak a m\u00faltbeli adatokban, \u00edgy a k\u00e9szlet-el\u0151rejelz\u00e9s pontosabb\u00e1 \u00e9s adapt\u00edvabb\u00e1 v\u00e1lik. Ez azt jelenti, hogy az ERP-rendszerek egyre jobban el\u0151re jelzik majd a keresleti hull\u00e1mokat, a lehets\u00e9ges k\u00e9szletkimarad\u00e1sokat \u00e9s ak\u00e1r a glob\u00e1lis ell\u00e1t\u00e1si l\u00e1nc megszakad\u00e1s\u00e1t is.<\/li>\n\n\n\n<li><strong>A kiterjesztett val\u00f3s\u00e1g (AR) a rakt\u00e1roz\u00e1sban<\/strong>: Az AR-eszk\u00f6z\u00f6k forradalmas\u00edtani fogj\u00e1k a rakt\u00e1rkezel\u00e9st az ERP-kereten bel\u00fcl. Ezek az eszk\u00f6z\u00f6k val\u00f3s idej\u0171 vizu\u00e1lis megjelen\u00edt\u00e9ssel ir\u00e1ny\u00edthatj\u00e1k a rakt\u00e1ri szem\u00e9lyzetet, optimaliz\u00e1lva a komissi\u00f3z\u00e1si \u00e9s elhelyez\u00e9si folyamatokat, ez\u00e1ltal cs\u00f6kkentve a hib\u00e1kat \u00e9s jav\u00edtva a hat\u00e9konys\u00e1got.<\/li>\n\n\n\n<li><strong>IoT-vez\u00e9relt val\u00f3s idej\u0171 nyomon k\u00f6vet\u00e9s<\/strong>: A <a href=\"https:\/\/skyplanner.ai\/hu\/forrasok\/a-dolgok-internete-a-gyartas-megerositese\/\">t\u00e1rgyak internet\u00e9nek (IoT)<\/a> egyre elterjedtebb\u00e9 v\u00e1l\u00f3 eszk\u00f6zeivel a lelt\u00e1ri t\u00e9telek val\u00f3s id\u0151ben k\u00f6vethet\u0151k a glob\u00e1lis ell\u00e1t\u00e1si l\u00e1ncokban. Ez biztos\u00edtja, hogy a v\u00e1llalkoz\u00e1sok mindig \u00e9l\u0151 pillanatk\u00e9pet kapjanak a k\u00e9szletek \u00e1llapot\u00e1r\u00f3l.<\/li>\n\n\n\n<li><strong>Fokozott mobilit\u00e1s \u00e9s felh\u0151integr\u00e1ci\u00f3<\/strong>: A v\u00e1llalkoz\u00e1sok sz\u00e1m\u00e1ra nagyobb rugalmass\u00e1got \u00e9s sk\u00e1l\u00e1zhat\u00f3s\u00e1got biztos\u00edt\u00f3 felh\u0151platformokba val\u00f3 \u00e1tk\u00f6lt\u00f6z\u00e9s. A mobil integr\u00e1ci\u00f3k lehet\u0151v\u00e9 teszik a szem\u00e9lyzet sz\u00e1m\u00e1ra, hogy a lelt\u00e1radatokat \u00fatk\u00f6zben is el\u00e9rj\u00e9k \u00e9s friss\u00edts\u00e9k.<\/li>\n\n\n\n<li><strong>Fenntarthat\u00f3 \u00e9s etikus lelt\u00e1roz\u00e1si gyakorlatok<\/strong>: Az ERP-rendszerek olyan funkci\u00f3kat fognak tartalmazni, amelyek seg\u00edtik a v\u00e1llalkoz\u00e1sokat a hullad\u00e9kok cs\u00f6kkent\u00e9s\u00e9ben, az er\u0151forr\u00e1sok optimaliz\u00e1l\u00e1s\u00e1ban, valamint az etikus beszerz\u00e9si \u00e9s eloszt\u00e1si gyakorlatok el\u0151mozd\u00edt\u00e1s\u00e1ban.<\/li>\n<\/ol>\n\n\n\n<h2 class=\"wp-block-heading\">A modul el\u0151nyeit \u00e9lvez\u0151 ipar\u00e1gak<\/h2>\n\n\n\n<p><strong>1. Gy\u00e1rt\u00e1s<\/strong>: A gy\u00e1rt\u00f3knak nagy haszn\u00e1t veszik az ERP k\u00e9szletgazd\u00e1lkod\u00e1s precizit\u00e1s\u00e1nak \u00e9s integr\u00e1ci\u00f3s k\u00e9pess\u00e9geinek, mivel t\u00f6bb alkatr\u00e9szt, nyersanyagot \u00e9s k\u00e9szterm\u00e9ket kell kezelni\u00fck. Ez biztos\u00edtja az id\u0151ben t\u00f6rt\u00e9n\u0151 gy\u00e1rt\u00e1st, az optim\u00e1lis anyagfelhaszn\u00e1l\u00e1st \u00e9s a cs\u00f6kkentett \u00e1ll\u00e1sid\u0151t.<\/p>\n\n\n\n<p><strong>2. Kiskereskedelem \u00e9s e-kereskedelem<\/strong>: Tekintettel a hatalmas term\u00e9kv\u00e1laszt\u00e9kra \u00e9s a val\u00f3s idej\u0171 k\u00e9szletfriss\u00edt\u00e9s sz\u00fcks\u00e9gess\u00e9g\u00e9re, a kiskeresked\u0151k \u00e9s az e-kereskedelmi \u00f3ri\u00e1sok nagym\u00e9rt\u00e9kben t\u00e1maszkodnak az ERP k\u00e9szletgazd\u00e1lkod\u00e1sra a k\u00e9szletkimarad\u00e1sok megel\u0151z\u00e9se, a vissz\u00e1ru kezel\u00e9se \u00e9s a megrendel\u00e9sek teljes\u00edt\u00e9s\u00e9nek racionaliz\u00e1l\u00e1sa \u00e9rdek\u00e9ben.<\/p>\n\n\n\n<p><strong>3. Gy\u00f3gyszerek<\/strong>: A gy\u00f3gyszeriparban a pontoss\u00e1g a legfontosabb. A szab\u00e1lyoz\u00e1sok \u00e9s a lej\u00e1rati d\u00e1tumok nyomon k\u00f6vet\u00e9s\u00e9nek sz\u00fcks\u00e9gess\u00e9ge miatt az ERP k\u00e9szletgazd\u00e1lkod\u00e1s kulcsfontoss\u00e1g\u00fav\u00e1 v\u00e1lik a megfelel\u0151s\u00e9g, a biztons\u00e1g \u00e9s a hat\u00e9konys\u00e1g biztos\u00edt\u00e1sa \u00e9rdek\u00e9ben.<\/p>\n\n\n\n<p><strong>4. \u00c9lelmiszerek \u00e9s italok<\/strong>: A k\u00e9szletgazd\u00e1lkod\u00e1s seg\u00edt a kereslet el\u0151rejelz\u00e9s\u00e9ben, a pazarl\u00e1s cs\u00f6kkent\u00e9s\u00e9ben, valamint annak biztos\u00edt\u00e1s\u00e1ban, hogy az ell\u00e1t\u00e1si l\u00e1nc betartsa az eg\u00e9szs\u00e9g\u00fcgyi \u00e9s biztons\u00e1gi el\u0151\u00edr\u00e1sokat.<\/p>\n\n\n\n<p><strong>5. Aut\u00f3ipar<\/strong>: Az aut\u00f3ipar az alkatr\u00e9szek, modellek \u00e9s konfigur\u00e1ci\u00f3k sz\u00e9les sk\u00e1l\u00e1j\u00e1val a pontos k\u00e9szletgazd\u00e1lkod\u00e1sra van sz\u00fcks\u00e9g a k\u00fcl\u00f6nb\u00f6z\u0151 vev\u0151i ig\u00e9nyek kiel\u00e9g\u00edt\u00e9se, az id\u0151ben t\u00f6rt\u00e9n\u0151 gy\u00e1rt\u00e1s biztos\u00edt\u00e1sa \u00e9s a glob\u00e1lis ell\u00e1t\u00e1si l\u00e1ncok kezel\u00e9se \u00e9rdek\u00e9ben.<\/p>\n\n\n\n<h2 class=\"wp-block-heading\">Skyplanner \u00e9s ERP k\u00e9szletgazd\u00e1lkod\u00e1s<\/h2>\n\n\n\n<p><a href=\"https:\/\/skyplanner.ai\/hu\/\">Egy APS-rendszer, mint p\u00e9ld\u00e1ul a Skyplanner<\/a>, a gy\u00e1rt\u00e1stervez\u00e9s gerincek\u00e9nt szolg\u00e1l. A Skyplanner az ERP k\u00e9szletgazd\u00e1lkod\u00e1ssal val\u00f3 z\u00f6kken\u0151mentes integr\u00e1ci\u00f3 r\u00e9v\u00e9n val\u00f3s idej\u0171 adatokat haszn\u00e1l fel a termel\u00e9si \u00fctemtervek optimaliz\u00e1l\u00e1s\u00e1ra, az er\u0151forr\u00e1sok kezel\u00e9s\u00e9re \u00e9s az \u00e1ltal\u00e1nos m\u0171k\u00f6d\u00e9si hat\u00e9konys\u00e1g n\u00f6vel\u00e9s\u00e9re. Legyen sz\u00f3 a hirtelen keresletv\u00e1ltoz\u00e1sokhoz val\u00f3 alkalmazkod\u00e1sr\u00f3l, a pontos k\u00e9szletadatokon alapul\u00f3 beszerz\u00e9s racionaliz\u00e1l\u00e1s\u00e1r\u00f3l vagy annak biztos\u00edt\u00e1s\u00e1r\u00f3l, hogy a termel\u00e9s t\u00f6k\u00e9letes \u00f6sszhangban legyen a rendelkez\u00e9sre \u00e1ll\u00f3 er\u0151forr\u00e1sokkal, <a href=\"https:\/\/skyplanner.ai\/hu\/jellemzok\/\">a Skyplanner<\/a> fontos szerepet j\u00e1tszik.<\/p>\n\n\n\n<p>Ahhoz, hogy \u00fczleti tev\u00e9kenys\u00e9g\u00e9t a k\u00f6vetkez\u0151 szintre emelje, a Skyplanner \u00e9s az ERP k\u00e9szletgazd\u00e1lkod\u00e1s k\u00f6z\u00f6tti szinergia kihaszn\u00e1l\u00e1sa a kulcs. <a href=\"https:\/\/skyplanner.ai\/hu\/kapcsolat-ertekesites\/\">Vegye fel vel\u00fcnk m\u00e9g ma a kapcsolatot <\/a>, hogy megtudja, hogyan tudjuk \u00fajra\u00e9rtelmezni \u00e9s racionaliz\u00e1lni a k\u00e9szletez\u00e9si \u00e9s termel\u00e9si folyamatokat, \u00e9s ezzel p\u00e1ratlan \u00fczleti sikert el\u00e9rni.<\/p>\n\n<\/div>\n\n<div class=\"gb-container gb-container-92545123\">\n<div class=\"gb-grid-wrapper gb-grid-wrapper-0a61546f\">\n<div class=\"gb-grid-column gb-grid-column-e4183086\"><div class=\"gb-container gb-container-e4183086\">\n\n<\/div><\/div>\n\n<div class=\"gb-grid-column gb-grid-column-84ccbb5d\"><div class=\"gb-container gb-container-84ccbb5d\">\n\n<\/div><\/div>\n<\/div>\n<\/div>\n<\/div>","protected":false},"excerpt":{"rendered":"<p>ERP k\u00e9szletgazd\u00e1lkod\u00e1s Kezd\u0151lap \u00bb Forr\u00e1sok \u00bb ERP k\u00e9szletgazd\u00e1lkod\u00e1s K\u00e9pzelj\u00fcnk el egy olyan gy\u00e1rt\u00f3termet, ahol a t\u00e9telek rejt\u00e9lyes m\u00f3don elt\u0171nnek, az ell\u00e1t\u00e1si l\u00e1ncok k\u00e1oszba keverednek, a gy\u00e1rt\u00e1stervez\u0151k pedig \u00e9rtetlen\u00fcl vakargatj\u00e1k a fej\u00fcket. K\u00e9pzelj\u00fcnk el egy olyan vil\u00e1got, ahol minden term\u00e9k, minden alkatr\u00e9sz \u00e9s minden er\u0151forr\u00e1s sz\u00e1mon van tartva, \u00e9s z\u00f6kken\u0151mentesen integr\u00e1l\u00f3dik a nagyobb \u00fczleti k\u00e9pbe. Ez &#8230; <a title=\"ERP k\u00e9szletgazd\u00e1lkod\u00e1s\" class=\"read-more\" href=\"https:\/\/skyplanner.ai\/hu\/forrasok\/erp-keszletgazdalkodas\/\" aria-label=\"Read more about ERP k\u00e9szletgazd\u00e1lkod\u00e1s\">Olvass tov\u00e1bb<\/a><\/p>\n","protected":false},"author":6,"featured_media":15628,"comment_status":"closed","ping_status":"open","sticky":false,"template":"","format":"standard","meta":{"inline_featured_image":false,"_uag_custom_page_level_css":"","footnotes":""},"categories":[312],"tags":[],"class_list":["post-16642","post","type-post","status-publish","format-standard","has-post-thumbnail","hentry","category-forrasok","generate-columns","tablet-grid-50","mobile-grid-100","grid-parent","grid-33"],"acf":[],"yoast_head":"<!-- This site is optimized with the Yoast SEO Premium plugin v26.9 (Yoast SEO v27.0) - https:\/\/yoast.com\/product\/yoast-seo-premium-wordpress\/ -->\n<title>ERP k\u00e9szletgazd\u00e1lkod\u00e1s &#8211; SkyPlanner<\/title>\n<meta name=\"description\" content=\"Az ERP K\u00e9szletgazd\u00e1lkod\u00e1s egy olyan k\u00f6zponti modul, amely a v\u00e1llalaton bel\u00fcli k\u00e9szletek \u00e9s k\u00e9szletek \u00e1tfog\u00f3 fel\u00fcgyelet\u00e9re szolg\u00e1l.\" \/>\n<meta name=\"robots\" content=\"index, follow, max-snippet:-1, max-image-preview:large, max-video-preview:-1\" \/>\n<link rel=\"canonical\" href=\"https:\/\/skyplanner.ai\/hu\/forrasok\/erp-keszletgazdalkodas\/\" \/>\n<meta property=\"og:locale\" content=\"hu_HU\" \/>\n<meta property=\"og:type\" content=\"article\" \/>\n<meta property=\"og:title\" content=\"ERP k\u00e9szletgazd\u00e1lkod\u00e1s\" \/>\n<meta property=\"og:description\" content=\"Az ERP K\u00e9szletgazd\u00e1lkod\u00e1s egy olyan k\u00f6zponti modul, amely a v\u00e1llalaton bel\u00fcli k\u00e9szletek \u00e9s k\u00e9szletek \u00e1tfog\u00f3 fel\u00fcgyelet\u00e9re szolg\u00e1l.\" \/>\n<meta property=\"og:url\" content=\"https:\/\/skyplanner.ai\/hu\/forrasok\/erp-keszletgazdalkodas\/\" \/>\n<meta property=\"og:site_name\" content=\"SkyPlanner\" \/>\n<meta property=\"article:published_time\" content=\"2023-09-02T16:17:50+00:00\" \/>\n<meta property=\"article:modified_time\" content=\"2025-05-15T08:31:48+00:00\" \/>\n<meta property=\"og:image\" content=\"https:\/\/skyplanner.ai\/wp-content\/uploads\/2023\/08\/ERP-Inventory-Management-scaled.jpg\" \/>\n\t<meta property=\"og:image:width\" content=\"2560\" \/>\n\t<meta property=\"og:image:height\" content=\"1691\" \/>\n\t<meta property=\"og:image:type\" content=\"image\/jpeg\" \/>\n<meta name=\"author\" content=\"SkyPlanner\" \/>\n<meta name=\"twitter:card\" content=\"summary_large_image\" \/>\n<meta name=\"twitter:label1\" content=\"Szerz\u0151:\" \/>\n\t<meta name=\"twitter:data1\" content=\"SkyPlanner\" \/>\n\t<meta name=\"twitter:label2\" content=\"Becs\u00fclt olvas\u00e1si id\u0151\" \/>\n\t<meta name=\"twitter:data2\" content=\"8 minutes\" \/>\n<script type=\"application\/ld+json\" class=\"yoast-schema-graph\">{\"@context\":\"https:\/\/schema.org\",\"@graph\":[{\"@type\":\"Article\",\"@id\":\"https:\/\/skyplanner.ai\/hu\/forrasok\/erp-keszletgazdalkodas\/#article\",\"isPartOf\":{\"@id\":\"https:\/\/skyplanner.ai\/hu\/forrasok\/erp-keszletgazdalkodas\/\"},\"author\":{\"name\":\"SkyPlanner\",\"@id\":\"https:\/\/skyplanner.ai\/hu\/#\/schema\/person\/9122a7382a3a91f77e5ed0207811724a\"},\"headline\":\"ERP k\u00e9szletgazd\u00e1lkod\u00e1s\",\"datePublished\":\"2023-09-02T16:17:50+00:00\",\"dateModified\":\"2025-05-15T08:31:48+00:00\",\"mainEntityOfPage\":{\"@id\":\"https:\/\/skyplanner.ai\/hu\/forrasok\/erp-keszletgazdalkodas\/\"},\"wordCount\":2958,\"publisher\":{\"@id\":\"https:\/\/skyplanner.ai\/hu\/#organization\"},\"image\":{\"@id\":\"https:\/\/skyplanner.ai\/hu\/forrasok\/erp-keszletgazdalkodas\/#primaryimage\"},\"thumbnailUrl\":\"https:\/\/skyplanner.ai\/wp-content\/uploads\/2023\/08\/ERP-Inventory-Management-scaled.jpg\",\"articleSection\":[\"forr\u00e1sok\"],\"inLanguage\":\"hu-HU\"},{\"@type\":\"WebPage\",\"@id\":\"https:\/\/skyplanner.ai\/hu\/forrasok\/erp-keszletgazdalkodas\/\",\"url\":\"https:\/\/skyplanner.ai\/hu\/forrasok\/erp-keszletgazdalkodas\/\",\"name\":\"ERP k\u00e9szletgazd\u00e1lkod\u00e1s &#8211; SkyPlanner\",\"isPartOf\":{\"@id\":\"https:\/\/skyplanner.ai\/hu\/#website\"},\"primaryImageOfPage\":{\"@id\":\"https:\/\/skyplanner.ai\/hu\/forrasok\/erp-keszletgazdalkodas\/#primaryimage\"},\"image\":{\"@id\":\"https:\/\/skyplanner.ai\/hu\/forrasok\/erp-keszletgazdalkodas\/#primaryimage\"},\"thumbnailUrl\":\"https:\/\/skyplanner.ai\/wp-content\/uploads\/2023\/08\/ERP-Inventory-Management-scaled.jpg\",\"datePublished\":\"2023-09-02T16:17:50+00:00\",\"dateModified\":\"2025-05-15T08:31:48+00:00\",\"description\":\"Az ERP K\u00e9szletgazd\u00e1lkod\u00e1s egy olyan k\u00f6zponti modul, amely a v\u00e1llalaton bel\u00fcli k\u00e9szletek \u00e9s k\u00e9szletek \u00e1tfog\u00f3 fel\u00fcgyelet\u00e9re szolg\u00e1l.\",\"breadcrumb\":{\"@id\":\"https:\/\/skyplanner.ai\/hu\/forrasok\/erp-keszletgazdalkodas\/#breadcrumb\"},\"inLanguage\":\"hu-HU\",\"potentialAction\":[{\"@type\":\"ReadAction\",\"target\":[\"https:\/\/skyplanner.ai\/hu\/forrasok\/erp-keszletgazdalkodas\/\"]}]},{\"@type\":\"ImageObject\",\"inLanguage\":\"hu-HU\",\"@id\":\"https:\/\/skyplanner.ai\/hu\/forrasok\/erp-keszletgazdalkodas\/#primaryimage\",\"url\":\"https:\/\/skyplanner.ai\/wp-content\/uploads\/2023\/08\/ERP-Inventory-Management-scaled.jpg\",\"contentUrl\":\"https:\/\/skyplanner.ai\/wp-content\/uploads\/2023\/08\/ERP-Inventory-Management-scaled.jpg\",\"width\":2560,\"height\":1691,\"caption\":\"ERP Inventory Management\"},{\"@type\":\"BreadcrumbList\",\"@id\":\"https:\/\/skyplanner.ai\/hu\/forrasok\/erp-keszletgazdalkodas\/#breadcrumb\",\"itemListElement\":[{\"@type\":\"ListItem\",\"position\":1,\"name\":\"Home\",\"item\":\"https:\/\/skyplanner.ai\/hu\/kezdolap-2\/\"},{\"@type\":\"ListItem\",\"position\":2,\"name\":\"ERP k\u00e9szletgazd\u00e1lkod\u00e1s\"}]},{\"@type\":\"WebSite\",\"@id\":\"https:\/\/skyplanner.ai\/hu\/#website\",\"url\":\"https:\/\/skyplanner.ai\/hu\/\",\"name\":\"SkyPlanner\",\"description\":\"AI-powered production scheduling and planning software\",\"publisher\":{\"@id\":\"https:\/\/skyplanner.ai\/hu\/#organization\"},\"potentialAction\":[{\"@type\":\"SearchAction\",\"target\":{\"@type\":\"EntryPoint\",\"urlTemplate\":\"https:\/\/skyplanner.ai\/hu\/?s={search_term_string}\"},\"query-input\":{\"@type\":\"PropertyValueSpecification\",\"valueRequired\":true,\"valueName\":\"search_term_string\"}}],\"inLanguage\":\"hu-HU\"},{\"@type\":\"Organization\",\"@id\":\"https:\/\/skyplanner.ai\/hu\/#organization\",\"name\":\"SkyPlanner APS\",\"url\":\"https:\/\/skyplanner.ai\/hu\/\",\"logo\":{\"@type\":\"ImageObject\",\"inLanguage\":\"hu-HU\",\"@id\":\"https:\/\/skyplanner.ai\/hu\/#\/schema\/logo\/image\/\",\"url\":\"https:\/\/skyplanner.ai\/wp-content\/uploads\/2022\/05\/Skyplanner-logo-2.svg\",\"contentUrl\":\"https:\/\/skyplanner.ai\/wp-content\/uploads\/2022\/05\/Skyplanner-logo-2.svg\",\"width\":223,\"height\":43,\"caption\":\"SkyPlanner APS\"},\"image\":{\"@id\":\"https:\/\/skyplanner.ai\/hu\/#\/schema\/logo\/image\/\"},\"sameAs\":[\"https:\/\/www.linkedin.com\/company\/skyplanner-aps\/\",\"https:\/\/www.youtube.com\/@SkyPlannerAPS\",\"https:\/\/www.capterra.com\/p\/265911\/SkyPlanner-APS\/\",\"https:\/\/www.trustradius.com\/products\/skyplanner-aps\/reviews\",\"https:\/\/www.saasworthy.com\/product\/skyplanner-aps\",\"https:\/\/sourceforge.net\/software\/product\/SkyPlanner-APS\/\",\"https:\/\/www.g2.com\/products\/skyplanner-aps\/\",\"https:\/\/www.getapp.com\/project-management-planning-software\/a\/skyplanner-aps\/\",\"https:\/\/www.softwareadvice.com\/cmms\/skyplanner-aps-profile\/\"],\"description\":\"AI-powered production scheduling and planning software for manufacturing\",\"foundingDate\":\"1997\",\"legalName\":\"Skycode Oy\",\"alternateName\":\"SkyPlanner\",\"knowsAbout\":[\"Production Scheduling\",\"Advanced Planning and Scheduling\",\"Manufacturing AI\",\"Finite Capacity Scheduling\",\"ERP Integration\"],\"areaServed\":\"Worldwide\",\"contactPoint\":{\"@type\":\"ContactPoint\",\"contactType\":\"sales\",\"url\":\"https:\/\/skyplanner.ai\/trial\/\"}},{\"@type\":\"Person\",\"@id\":\"https:\/\/skyplanner.ai\/hu\/#\/schema\/person\/9122a7382a3a91f77e5ed0207811724a\",\"name\":\"SkyPlanner\",\"image\":{\"@type\":\"ImageObject\",\"inLanguage\":\"hu-HU\",\"@id\":\"https:\/\/skyplanner.ai\/hu\/#\/schema\/person\/image\/\",\"url\":\"https:\/\/secure.gravatar.com\/avatar\/b7d00e63bfb49c23e740cab317acbfb7287b7fa23d51b75e89a6659494daa9dd?s=96&d=mm&r=g\",\"contentUrl\":\"https:\/\/secure.gravatar.com\/avatar\/b7d00e63bfb49c23e740cab317acbfb7287b7fa23d51b75e89a6659494daa9dd?s=96&d=mm&r=g\",\"caption\":\"SkyPlanner\"}}]}<\/script>\n<!-- \/ Yoast SEO Premium plugin. -->","yoast_head_json":{"title":"ERP k\u00e9szletgazd\u00e1lkod\u00e1s &#8211; SkyPlanner","description":"Az ERP K\u00e9szletgazd\u00e1lkod\u00e1s egy olyan k\u00f6zponti modul, amely a v\u00e1llalaton bel\u00fcli k\u00e9szletek \u00e9s k\u00e9szletek \u00e1tfog\u00f3 fel\u00fcgyelet\u00e9re szolg\u00e1l.","robots":{"index":"index","follow":"follow","max-snippet":"max-snippet:-1","max-image-preview":"max-image-preview:large","max-video-preview":"max-video-preview:-1"},"canonical":"https:\/\/skyplanner.ai\/hu\/forrasok\/erp-keszletgazdalkodas\/","og_locale":"hu_HU","og_type":"article","og_title":"ERP k\u00e9szletgazd\u00e1lkod\u00e1s","og_description":"Az ERP K\u00e9szletgazd\u00e1lkod\u00e1s egy olyan k\u00f6zponti modul, amely a v\u00e1llalaton bel\u00fcli k\u00e9szletek \u00e9s k\u00e9szletek \u00e1tfog\u00f3 fel\u00fcgyelet\u00e9re szolg\u00e1l.","og_url":"https:\/\/skyplanner.ai\/hu\/forrasok\/erp-keszletgazdalkodas\/","og_site_name":"SkyPlanner","article_published_time":"2023-09-02T16:17:50+00:00","article_modified_time":"2025-05-15T08:31:48+00:00","og_image":[{"width":2560,"height":1691,"url":"https:\/\/skyplanner.ai\/wp-content\/uploads\/2023\/08\/ERP-Inventory-Management-scaled.jpg","type":"image\/jpeg"}],"author":"SkyPlanner","twitter_card":"summary_large_image","twitter_misc":{"Szerz\u0151:":"SkyPlanner","Becs\u00fclt olvas\u00e1si id\u0151":"8 minutes"},"schema":{"@context":"https:\/\/schema.org","@graph":[{"@type":"Article","@id":"https:\/\/skyplanner.ai\/hu\/forrasok\/erp-keszletgazdalkodas\/#article","isPartOf":{"@id":"https:\/\/skyplanner.ai\/hu\/forrasok\/erp-keszletgazdalkodas\/"},"author":{"name":"SkyPlanner","@id":"https:\/\/skyplanner.ai\/hu\/#\/schema\/person\/9122a7382a3a91f77e5ed0207811724a"},"headline":"ERP k\u00e9szletgazd\u00e1lkod\u00e1s","datePublished":"2023-09-02T16:17:50+00:00","dateModified":"2025-05-15T08:31:48+00:00","mainEntityOfPage":{"@id":"https:\/\/skyplanner.ai\/hu\/forrasok\/erp-keszletgazdalkodas\/"},"wordCount":2958,"publisher":{"@id":"https:\/\/skyplanner.ai\/hu\/#organization"},"image":{"@id":"https:\/\/skyplanner.ai\/hu\/forrasok\/erp-keszletgazdalkodas\/#primaryimage"},"thumbnailUrl":"https:\/\/skyplanner.ai\/wp-content\/uploads\/2023\/08\/ERP-Inventory-Management-scaled.jpg","articleSection":["forr\u00e1sok"],"inLanguage":"hu-HU"},{"@type":"WebPage","@id":"https:\/\/skyplanner.ai\/hu\/forrasok\/erp-keszletgazdalkodas\/","url":"https:\/\/skyplanner.ai\/hu\/forrasok\/erp-keszletgazdalkodas\/","name":"ERP k\u00e9szletgazd\u00e1lkod\u00e1s &#8211; SkyPlanner","isPartOf":{"@id":"https:\/\/skyplanner.ai\/hu\/#website"},"primaryImageOfPage":{"@id":"https:\/\/skyplanner.ai\/hu\/forrasok\/erp-keszletgazdalkodas\/#primaryimage"},"image":{"@id":"https:\/\/skyplanner.ai\/hu\/forrasok\/erp-keszletgazdalkodas\/#primaryimage"},"thumbnailUrl":"https:\/\/skyplanner.ai\/wp-content\/uploads\/2023\/08\/ERP-Inventory-Management-scaled.jpg","datePublished":"2023-09-02T16:17:50+00:00","dateModified":"2025-05-15T08:31:48+00:00","description":"Az ERP K\u00e9szletgazd\u00e1lkod\u00e1s egy olyan k\u00f6zponti modul, amely a v\u00e1llalaton bel\u00fcli k\u00e9szletek \u00e9s k\u00e9szletek \u00e1tfog\u00f3 fel\u00fcgyelet\u00e9re szolg\u00e1l.","breadcrumb":{"@id":"https:\/\/skyplanner.ai\/hu\/forrasok\/erp-keszletgazdalkodas\/#breadcrumb"},"inLanguage":"hu-HU","potentialAction":[{"@type":"ReadAction","target":["https:\/\/skyplanner.ai\/hu\/forrasok\/erp-keszletgazdalkodas\/"]}]},{"@type":"ImageObject","inLanguage":"hu-HU","@id":"https:\/\/skyplanner.ai\/hu\/forrasok\/erp-keszletgazdalkodas\/#primaryimage","url":"https:\/\/skyplanner.ai\/wp-content\/uploads\/2023\/08\/ERP-Inventory-Management-scaled.jpg","contentUrl":"https:\/\/skyplanner.ai\/wp-content\/uploads\/2023\/08\/ERP-Inventory-Management-scaled.jpg","width":2560,"height":1691,"caption":"ERP Inventory Management"},{"@type":"BreadcrumbList","@id":"https:\/\/skyplanner.ai\/hu\/forrasok\/erp-keszletgazdalkodas\/#breadcrumb","itemListElement":[{"@type":"ListItem","position":1,"name":"Home","item":"https:\/\/skyplanner.ai\/hu\/kezdolap-2\/"},{"@type":"ListItem","position":2,"name":"ERP k\u00e9szletgazd\u00e1lkod\u00e1s"}]},{"@type":"WebSite","@id":"https:\/\/skyplanner.ai\/hu\/#website","url":"https:\/\/skyplanner.ai\/hu\/","name":"SkyPlanner","description":"AI-powered production scheduling and planning software","publisher":{"@id":"https:\/\/skyplanner.ai\/hu\/#organization"},"potentialAction":[{"@type":"SearchAction","target":{"@type":"EntryPoint","urlTemplate":"https:\/\/skyplanner.ai\/hu\/?s={search_term_string}"},"query-input":{"@type":"PropertyValueSpecification","valueRequired":true,"valueName":"search_term_string"}}],"inLanguage":"hu-HU"},{"@type":"Organization","@id":"https:\/\/skyplanner.ai\/hu\/#organization","name":"SkyPlanner APS","url":"https:\/\/skyplanner.ai\/hu\/","logo":{"@type":"ImageObject","inLanguage":"hu-HU","@id":"https:\/\/skyplanner.ai\/hu\/#\/schema\/logo\/image\/","url":"https:\/\/skyplanner.ai\/wp-content\/uploads\/2022\/05\/Skyplanner-logo-2.svg","contentUrl":"https:\/\/skyplanner.ai\/wp-content\/uploads\/2022\/05\/Skyplanner-logo-2.svg","width":223,"height":43,"caption":"SkyPlanner APS"},"image":{"@id":"https:\/\/skyplanner.ai\/hu\/#\/schema\/logo\/image\/"},"sameAs":["https:\/\/www.linkedin.com\/company\/skyplanner-aps\/","https:\/\/www.youtube.com\/@SkyPlannerAPS","https:\/\/www.capterra.com\/p\/265911\/SkyPlanner-APS\/","https:\/\/www.trustradius.com\/products\/skyplanner-aps\/reviews","https:\/\/www.saasworthy.com\/product\/skyplanner-aps","https:\/\/sourceforge.net\/software\/product\/SkyPlanner-APS\/","https:\/\/www.g2.com\/products\/skyplanner-aps\/","https:\/\/www.getapp.com\/project-management-planning-software\/a\/skyplanner-aps\/","https:\/\/www.softwareadvice.com\/cmms\/skyplanner-aps-profile\/"],"description":"AI-powered production scheduling and planning software for manufacturing","foundingDate":"1997","legalName":"Skycode Oy","alternateName":"SkyPlanner","knowsAbout":["Production Scheduling","Advanced Planning and Scheduling","Manufacturing AI","Finite Capacity Scheduling","ERP Integration"],"areaServed":"Worldwide","contactPoint":{"@type":"ContactPoint","contactType":"sales","url":"https:\/\/skyplanner.ai\/trial\/"}},{"@type":"Person","@id":"https:\/\/skyplanner.ai\/hu\/#\/schema\/person\/9122a7382a3a91f77e5ed0207811724a","name":"SkyPlanner","image":{"@type":"ImageObject","inLanguage":"hu-HU","@id":"https:\/\/skyplanner.ai\/hu\/#\/schema\/person\/image\/","url":"https:\/\/secure.gravatar.com\/avatar\/b7d00e63bfb49c23e740cab317acbfb7287b7fa23d51b75e89a6659494daa9dd?s=96&d=mm&r=g","contentUrl":"https:\/\/secure.gravatar.com\/avatar\/b7d00e63bfb49c23e740cab317acbfb7287b7fa23d51b75e89a6659494daa9dd?s=96&d=mm&r=g","caption":"SkyPlanner"}}]}},"uagb_featured_image_src":{"full":["https:\/\/skyplanner.ai\/wp-content\/uploads\/2023\/08\/ERP-Inventory-Management-scaled.jpg",2560,1691,false],"thumbnail":["https:\/\/skyplanner.ai\/wp-content\/uploads\/2023\/08\/ERP-Inventory-Management-150x150.jpg",150,150,true],"medium":["https:\/\/skyplanner.ai\/wp-content\/uploads\/2023\/08\/ERP-Inventory-Management-300x198.jpg",300,198,true],"medium_large":["https:\/\/skyplanner.ai\/wp-content\/uploads\/2023\/08\/ERP-Inventory-Management-768x507.jpg",768,507,true],"large":["https:\/\/skyplanner.ai\/wp-content\/uploads\/2023\/08\/ERP-Inventory-Management-1024x676.jpg",1024,676,true],"1536x1536":["https:\/\/skyplanner.ai\/wp-content\/uploads\/2023\/08\/ERP-Inventory-Management-1536x1015.jpg",1536,1015,true],"2048x2048":["https:\/\/skyplanner.ai\/wp-content\/uploads\/2023\/08\/ERP-Inventory-Management-2048x1353.jpg",2048,1353,true],"betterdocs-category-thumb":["https:\/\/skyplanner.ai\/wp-content\/uploads\/2023\/08\/ERP-Inventory-Management-scaled.jpg",360,238,false]},"uagb_author_info":{"display_name":"SkyPlanner","author_link":"https:\/\/skyplanner.ai\/hu\/author\/bettina\/"},"uagb_comment_info":0,"uagb_excerpt":"ERP k\u00e9szletgazd\u00e1lkod\u00e1s Kezd\u0151lap \u00bb Forr\u00e1sok \u00bb ERP k\u00e9szletgazd\u00e1lkod\u00e1s K\u00e9pzelj\u00fcnk el egy olyan gy\u00e1rt\u00f3termet, ahol a t\u00e9telek rejt\u00e9lyes m\u00f3don elt\u0171nnek, az ell\u00e1t\u00e1si l\u00e1ncok k\u00e1oszba keverednek, a gy\u00e1rt\u00e1stervez\u0151k pedig \u00e9rtetlen\u00fcl vakargatj\u00e1k a fej\u00fcket. K\u00e9pzelj\u00fcnk el egy olyan vil\u00e1got, ahol minden term\u00e9k, minden alkatr\u00e9sz \u00e9s minden er\u0151forr\u00e1s sz\u00e1mon van tartva, \u00e9s z\u00f6kken\u0151mentesen integr\u00e1l\u00f3dik a nagyobb \u00fczleti k\u00e9pbe. Ez&hellip;","_links":{"self":[{"href":"https:\/\/skyplanner.ai\/hu\/wp-json\/wp\/v2\/posts\/16642","targetHints":{"allow":["GET"]}}],"collection":[{"href":"https:\/\/skyplanner.ai\/hu\/wp-json\/wp\/v2\/posts"}],"about":[{"href":"https:\/\/skyplanner.ai\/hu\/wp-json\/wp\/v2\/types\/post"}],"author":[{"embeddable":true,"href":"https:\/\/skyplanner.ai\/hu\/wp-json\/wp\/v2\/users\/6"}],"replies":[{"embeddable":true,"href":"https:\/\/skyplanner.ai\/hu\/wp-json\/wp\/v2\/comments?post=16642"}],"version-history":[{"count":0,"href":"https:\/\/skyplanner.ai\/hu\/wp-json\/wp\/v2\/posts\/16642\/revisions"}],"wp:featuredmedia":[{"embeddable":true,"href":"https:\/\/skyplanner.ai\/hu\/wp-json\/wp\/v2\/media\/15628"}],"wp:attachment":[{"href":"https:\/\/skyplanner.ai\/hu\/wp-json\/wp\/v2\/media?parent=16642"}],"wp:term":[{"taxonomy":"category","embeddable":true,"href":"https:\/\/skyplanner.ai\/hu\/wp-json\/wp\/v2\/categories?post=16642"},{"taxonomy":"post_tag","embeddable":true,"href":"https:\/\/skyplanner.ai\/hu\/wp-json\/wp\/v2\/tags?post=16642"}],"curies":[{"name":"wp","href":"https:\/\/api.w.org\/{rel}","templated":true}]}}