{"id":16497,"date":"2023-09-02T15:23:09","date_gmt":"2023-09-02T15:23:09","guid":{"rendered":"https:\/\/skyplanner.ai\/forrasok\/erp-gyartas\/"},"modified":"2025-05-15T09:43:16","modified_gmt":"2025-05-15T09:43:16","slug":"erp-gyartas","status":"publish","type":"post","link":"https:\/\/skyplanner.ai\/hu\/forrasok\/erp-gyartas\/","title":{"rendered":"ERP gy\u00e1rt\u00e1s"},"content":{"rendered":"<div class=\"gb-container gb-container-bf558a89\">\n\n<h1 class=\"wp-block-heading\" id=\"h-erp-manufacturing\">ERP gy\u00e1rt\u00e1s<\/h1>\n\n\n<div class=\"gb-container gb-container-e8026af9\">\n\n<p><a href=\"https:\/\/skyplanner.ai\/hu\/\">Kezd\u0151lap<\/a> \u00bb <a href=\"https:\/\/skyplanner.ai\/hu\/forrasok\/\">Forr\u00e1sok<\/a> \u00bb ERP gy\u00e1rt\u00e1s<\/p>\n\n\n\n<p class=\"yoast-reading-time__wrapper\"><span class=\"yoast-reading-time__icon\"><svg xmlns=\"http:\/\/www.w3.org\/2000\/svg\" aria-hidden=\"true\" focusable=\"false\" data-icon=\"clock\" width=\"20\" height=\"20\" fill=\"none\" stroke=\"currentColor\" style=\"display:inline-block;vertical-align:-0.1em\" role=\"img\" viewbox=\"0 0 24 24\"><path stroke-linecap=\"round\" stroke-linejoin=\"round\" stroke-width=\"2\" d=\"M12 8v4l3 3m6-3a9 9 0 11-18 0 9 9 0 0118 0z\"><\/path><\/svg><\/span><span class=\"yoast-reading-time__spacer\" style=\"display:inline-block;width:1em\"><\/span><span class=\"yoast-reading-time__descriptive-text\">Becs\u00fclt olvas\u00e1si id\u0151: <\/span><span class=\"yoast-reading-time__reading-time\">0<\/span><span class=\"yoast-reading-time__time-unit\"> percek<\/span><\/p>\n\n<\/div>\n\n<div class=\"gb-container gb-container-f0fd57d0\">\n\n<p>Minden gy\u00e1rt\u00e1stervez\u0151 ismeri a kih\u00edv\u00e1st: kapott egy megrendel\u00e9st, de fel van-e szerelve a hat\u00e9kony teljes\u00edt\u00e9shez? K\u00e9pzelj\u00fcnk el egy olyan forgat\u00f3k\u00f6nyvet, amelyben a kereslet n\u00f6vekszik, de a termel\u00e9si kapacit\u00e1sok, a nyersanyagk\u00e9szlet vagy ak\u00e1r az anyagjegyz\u00e9k (BOM) \u00e1ttekinthet\u0151s\u00e9g\u00e9nek hi\u00e1nya k\u00e9sedelmeket \u00e9s hat\u00e9konys\u00e1gi hi\u00e1nyoss\u00e1gokat okoz. Egy ilyen forgat\u00f3k\u00f6nyv megalapozhatja vagy megt\u00f6rheti egy v\u00e1llalat h\u00edrnev\u00e9t. Mi a megold\u00e1s? ERP Manufacturing &#8211; egy innovat\u00edv eszk\u00f6z, amelyet minden gy\u00e1rt\u00e1stervez\u0151nek \u00e9rdemes megfontolnia.<\/p>\n\n\n\n<p>Teh\u00e1t, akik a gy\u00e1rt\u00e1stervez\u00e9s ter\u00fclet\u00e9n dolgoznak, nem lenne itt az ideje, hogy az ERP Manufacturing-et a k\u00f6vetkez\u0151 strat\u00e9giai l\u00e9p\u00e9sk\u00e9nt fontol\u00f3ra vegy\u00e9k? Mer\u00fclj\u00f6n m\u00e9lyebbre, fedezze fel a k\u00e9pess\u00e9geit, \u00e9s n\u00e9zze meg, ahogy a gy\u00e1rt\u00e1si folyamatok jobb\u00e1 v\u00e1lnak.<\/p>\n\n\n\t\t\t\t<div class=\"wp-block-uagb-table-of-contents uagb-toc__align-left uagb-toc__columns-1  uagb-block-f39176c8      \"\n\t\t\t\t\tdata-scroll= \"1\"\n\t\t\t\t\tdata-offset= \"30\"\n\t\t\t\t\tstyle=\"\"\n\t\t\t\t>\n\t\t\t\t<div class=\"uagb-toc__wrap\">\n\t\t\t\t\t\t<div class=\"uagb-toc__title\">\n\t\t\t\t\t\t\tTable Of Contents\t\t\t\t\t\t<\/div>\n\t\t\t\t\t\t\t\t\t\t\t\t\t\t\t\t\t\t\t\t\t\t<div class=\"uagb-toc__list-wrap \">\n\t\t\t\t\t\t<ol class=\"uagb-toc__list\"><li class=\"uagb-toc__list\"><a href=\"#tldr\" class=\"uagb-toc-link__trigger\">TL;DR<\/a><li class=\"uagb-toc__list\"><a href=\"#mi-az-erp-gy\u00e1rt\u00e1s\" class=\"uagb-toc-link__trigger\">Mi az ERP gy\u00e1rt\u00e1s?<\/a><li class=\"uagb-toc__list\"><a href=\"#az-erp-gy\u00e1rt\u00e1s-l\u00e9tfontoss\u00e1g\u00fa-szerepe\" class=\"uagb-toc-link__trigger\">Az ERP gy\u00e1rt\u00e1s l\u00e9tfontoss\u00e1g\u00fa szerepe<\/a><li class=\"uagb-toc__list\"><a href=\"#az-erp-gy\u00e1rt\u00e1s-8-el\u0151nye\" class=\"uagb-toc-link__trigger\">Az ERP gy\u00e1rt\u00e1s 8 el\u0151nye<\/a><li class=\"uagb-toc__list\"><a href=\"#az-erp-gy\u00e1rt\u00e1s-f\u0151-\u00f6sszetev\u0151i\" class=\"uagb-toc-link__trigger\">Az ERP gy\u00e1rt\u00e1s f\u0151 \u00f6sszetev\u0151i<\/a><li class=\"uagb-toc__list\"><a href=\"#az-erp-gy\u00e1rt\u00e1s-j\u00f6v\u0151beli-trendjei\" class=\"uagb-toc-link__trigger\">Az ERP gy\u00e1rt\u00e1s j\u00f6v\u0151beli trendjei<\/a><li class=\"uagb-toc__list\"><a href=\"#a-modul-el\u0151nyeit-\u00e9lvez\u0151-ipar\u00e1gak\" class=\"uagb-toc-link__trigger\">A modul el\u0151nyeit \u00e9lvez\u0151 ipar\u00e1gak<\/a><li class=\"uagb-toc__list\"><a href=\"#aps-mint-p\u00e9ld\u00e1ul-a-skyplanner-integr\u00e1l\u00e1sa-az-erp-manufacturing-rendszerbe\" class=\"uagb-toc-link__trigger\">APS, mint p\u00e9ld\u00e1ul a Skyplanner integr\u00e1l\u00e1sa az ERP Manufacturing rendszerbe<\/a><\/ol>\t\t\t\t\t<\/div>\n\t\t\t\t\t\t\t\t\t<\/div>\n\t\t\t\t<\/div>\n\t\t\t\n\n\n<h2 class=\"gb-headline gb-headline-b76a692a gb-headline-text\">TL;DR<\/h2>\n\n\n\n<p>Az ERP Manufacturing egy n\u00e9lk\u00fcl\u00f6zhetetlen <a href=\"https:\/\/skyplanner.ai\/hu\/forrasok\/erp-modulok\/\">modul a nagyobb ERP-rendszeren bel\u00fcl<\/a>, amely a gy\u00e1rt\u00e1si folyamatok optimaliz\u00e1l\u00e1s\u00e1ra \u00f6sszpontos\u00edt a gy\u00e1rt\u00e1ssal kapcsolatos \u00f6sszes inform\u00e1ci\u00f3 k\u00f6zpontos\u00edt\u00e1s\u00e1val. A gy\u00e1rt\u00e1si folyamatot a nyersanyagokt\u00f3l a k\u00e9szterm\u00e9kig racionaliz\u00e1lja. A legfontosabb el\u0151ny\u00f6k k\u00f6z\u00e9 tartozik a k\u00f6zpontos\u00edtott adatkezel\u00e9s, a val\u00f3s idej\u0171 fel\u00fcgyelet, a hat\u00e9kony k\u00e9szlet- \u00e9s rendel\u00e9skezel\u00e9s, valamint a k\u00f6lts\u00e9gcs\u00f6kkent\u00e9s. A modul t\u00f6bbek k\u00f6z\u00f6tt olyan l\u00e9tfontoss\u00e1g\u00fa komponenseket tartalmaz, mint a gy\u00e1rt\u00e1stervez\u00e9s, a k\u00e9szletgazd\u00e1lkod\u00e1s, a darabjegyz\u00e9k \u00e9s a min\u0151s\u00e9gellen\u0151rz\u00e9s. El\u0151re tekintve, a modul j\u00f6v\u0151je olyan trendeket fog fel\u00f6lelni, mint az IoT integr\u00e1ci\u00f3, a mesters\u00e9ges intelligencia, a felh\u0151alap\u00fa sz\u00e1m\u00edt\u00e1stechnika \u00e9s a fenntarthat\u00f3 gy\u00e1rt\u00e1s. Jelent\u0151s el\u0151ny\u00f6kkel j\u00e1r az olyan ipar\u00e1gakban, mint az aut\u00f3ipar, a gy\u00f3gyszeripar, a rep\u00fcl\u0151g\u00e9pipar, az elektronika, valamint az \u00e9lelmiszer- \u00e9s italgy\u00e1rt\u00e1s. Az APS-rendszerek, mint p\u00e9ld\u00e1ul a Skyplanner, ERP Manufacturing rendszerrel val\u00f3 integr\u00e1l\u00e1sa tov\u00e1bb n\u00f6velheti a hat\u00e9konys\u00e1got.<\/p>\n\n\n\n<h2 class=\"wp-block-heading\">Mi az ERP gy\u00e1rt\u00e1s?<\/h2>\n\n\n<div class=\"gb-container gb-container-ce737323\"><div class=\"gb-inside-container\">\n\n<p><strong>Az ERP Manufacturing egy speci\u00e1lis modul, amely<\/strong> <strong>els\u0151sorban a gy\u00e1rt\u00e1si \u00e9s termel\u00e9si folyamatok optimaliz\u00e1l\u00e1s\u00e1ra \u00f6sszpontos\u00edt.<\/strong> <\/p>\n\n<\/div><\/div>\n\n\n<p>A gy\u00e1rt\u00e1s egyre \u00f6sszetettebb\u00e9 v\u00e1l\u00e1s\u00e1val n\u00e9lk\u00fcl\u00f6zhetetlenn\u00e9 v\u00e1lik egy olyan speci\u00e1lis eszk\u00f6z, amely a gy\u00e1rt\u00e1s speci\u00e1lis kih\u00edv\u00e1sainak kezel\u00e9s\u00e9re szolg\u00e1l. Az ERP Manufacturing bevezet\u00e9se sor\u00e1n az ERP Manufacturing k\u00f6zpontos\u00edtja a termel\u00e9ssel kapcsolatos \u00f6sszes inform\u00e1ci\u00f3t &#8211; a nyersanyagokt\u00f3l a k\u00e9szterm\u00e9kekig.<\/p>\n\n\n\n<p><strong>Az ERP Manufacturing eg\u00e9sz\u00e9ben v\u00e9ve \u00e1tfog\u00f3 megold\u00e1st jelent a gy\u00e1rt\u00f3k sz\u00e1m\u00e1ra.<\/strong>  A folyamatok racionaliz\u00e1l\u00e1sa mellett r\u00e9szletes k\u00e9pet ny\u00fajt a termel\u00e9si l\u00e1ncr\u00f3l, \u00edgy lehet\u0151v\u00e9 teszi az id\u0151ben t\u00f6rt\u00e9n\u0151 d\u00f6nt\u00e9shozatalt. Az ERP Manufacturing gondoskodik az anyagjegyz\u00e9k (BOM) kezel\u00e9s\u00e9r\u0151l, hogy minden egyes gy\u00e1rt\u00e1si szakasz \u00f6sszhangban legyen a v\u00e1llalat c\u00e9ljaival.<\/p>\n\n\n\n<p>Tov\u00e1bb\u00e1 a gy\u00e1rt\u00e1stervez\u0151k sz\u00e1m\u00e1ra, akik kifejezetten a <a href=\"https:\/\/skyplanner.ai\/hu\/jellemzok\/\">Skyplannerhez hasonl\u00f3 APS-rendszert<\/a> keresnek a fejlett gy\u00e1rt\u00e1stervez\u00e9s \u00e9s \u00fctemez\u00e9s \u00e9rdek\u00e9ben, el\u0151ny\u00f6snek bizonyul annak integr\u00e1l\u00e1sa az ERP Manufacturing rendszerrel. Am\u00edg az APS rendszer az ERP Manufacturing modullal egy\u00fctt m\u0171k\u00f6dik, a v\u00e1llalkoz\u00e1sok el\u0151re l\u00e1thatj\u00e1k a termel\u00e9si kih\u00edv\u00e1sokat \u00e9s proakt\u00edv d\u00f6nt\u00e9seket hozhatnak.<\/p>\n\n\n\n<h2 class=\"wp-block-heading\">Az ERP gy\u00e1rt\u00e1s l\u00e9tfontoss\u00e1g\u00fa szerepe  <\/h2>\n\n\n\n<p>A modernkori gy\u00e1rt\u00e1s bonyolult \u00fatveszt\u0151j\u00e9ben az \u00e9len marad\u00e1s m\u00e1r nem csak a min\u0151s\u00e9gi term\u00e9kek el\u0151\u00e1ll\u00edt\u00e1s\u00e1r\u00f3l sz\u00f3l, hanem annak a folyamatnak az optimaliz\u00e1l\u00e1s\u00e1r\u00f3l is, amelyen kereszt\u00fcl ezek a term\u00e9kek \u00e9letre kelnek. Itt l\u00e9p be az ERP Manufacturing, mint ERP modul. Az \u00e1tfog\u00f3 <a href=\"https:\/\/skyplanner.ai\/hu\/forrasok\/mi-az-erp\/\">v\u00e1llalatir\u00e1ny\u00edt\u00e1si (ERP)<\/a> rendszert alkot\u00f3 sz\u00e1mtalan modul k\u00f6z\u00fcl egy\u00e9rtelm\u0171en kiemelkedik a gy\u00e1rt\u00e1si modul. A gy\u00e1rt\u00f3\u00e1gazat egyedi kih\u00edv\u00e1saival, bonyolults\u00e1g\u00e1val \u00e9s k\u00f6vetelm\u00e9nyeivel foglalkozik.<\/p>\n\n\n\n<p><strong>Az ERP Manufacturing f\u0151 c\u00e9lja a teljes gy\u00e1rt\u00e1si folyamat racionaliz\u00e1l\u00e1sa.  <\/strong>Ez biztos\u00edtja a term\u00e9kek hat\u00e9kony bevezet\u00e9s\u00e9t, \u00e9s garant\u00e1lja az er\u0151forr\u00e1sok optim\u00e1lis kihaszn\u00e1l\u00e1s\u00e1t, valamint a k\u00f6lts\u00e9gek minimaliz\u00e1l\u00e1s\u00e1t.<\/p>\n\n\n\n<div class=\"wp-block-uagb-image uagb-block-0f292d6b wp-block-uagb-image--layout-default wp-block-uagb-image--effect-static wp-block-uagb-image--align-none\"><figure class=\"wp-block-uagb-image__figure\"><img decoding=\"async\" srcset=\"https:\/\/skyplanner.ai\/wp-content\/uploads\/2022\/08\/Display-wide-5-1024x536.png\n \" sizes=\"auto, (max-width: 480px) 150px\" src=\"https:\/\/skyplanner.ai\/wp-content\/uploads\/2022\/08\/Display-wide-5-1024x536.png\" alt=\"\" class=\"uag-image-6463\" width=\"1024\" height=\"536\" title=\"\" loading=\"lazy\" role=\"img\"><\/figure><\/div>\n\n\n\n<h2 class=\"wp-block-heading\">Az ERP gy\u00e1rt\u00e1s 8 el\u0151nye<\/h2>\n\n\n\n<h4 class=\"gb-headline gb-headline-dcbbdfad gb-headline-text\">K\u00f6zpontos\u00edtott adatkezel\u00e9s<\/h4>\n\n\n\n<p>Az ERP Manufacturing egyik f\u0151 el\u0151nye az adatok k\u00f6zpontos\u00edt\u00e1sa. Minden l\u00e9nyeges inform\u00e1ci\u00f3, a nyersanyagokt\u00f3l a munkaer\u0151 beoszt\u00e1s\u00e1ig, egyetlen rendszerben t\u00e1rol\u00f3dik. Ez megk\u00f6nny\u00edti a k\u00f6nny\u0171 hozz\u00e1f\u00e9r\u00e9st, \u00e9s biztos\u00edtja, hogy a d\u00f6nt\u00e9shoz\u00f3knak minden sz\u00fcks\u00e9ges r\u00e9szlet k\u00e9zn\u00e9l legyen.<\/p>\n\n\n\n<h4 class=\"gb-headline gb-headline-db239145 gb-headline-text\">Val\u00f3s idej\u0171 fel\u00fcgyelet<\/h4>\n\n\n\n<p>Az ERP Manufacturing seg\u00edts\u00e9g\u00e9vel a v\u00e1llalatok val\u00f3s id\u0151ben nyomon k\u00f6vethetik a gy\u00e1rt\u00e1si folyamatokat. Ez lehet\u0151v\u00e9 teszi az id\u0151ben t\u00f6rt\u00e9n\u0151 beavatkoz\u00e1st, ha b\u00e1rmilyen elt\u00e9r\u00e9s vagy probl\u00e9ma mer\u00fclne fel, minim\u00e1lis fennakad\u00e1st biztos\u00edtva.<\/p>\n\n\n\n<h4 class=\"gb-headline gb-headline-b022bae5 gb-headline-text\">Tov\u00e1bbfejlesztett lelt\u00e1rkezel\u00e9s<\/h4>\n\n\n\n<p>A gy\u00e1rt\u00e1sban a k\u00e9szletek hat\u00e9kony kezel\u00e9se kiemelked\u0151 fontoss\u00e1g\u00fa. Az ERP Manufacturing r\u00e9szletes k\u00e9pet ny\u00fajt a k\u00e9szletszintekr\u0151l, biztos\u00edtva az id\u0151ben t\u00f6rt\u00e9n\u0151 felt\u00f6lt\u00e9st \u00e9s cs\u00f6kkentve a t\u00falk\u00e9szletez\u00e9s vagy a k\u00e9szletkimarad\u00e1s eseteit.<\/p>\n\n\n\n<h4 class=\"gb-headline gb-headline-4d1c967e gb-headline-text\">Pontos el\u0151rejelz\u00e9s<\/h4>\n\n\n\n<p>Az ERP Manufacturing lehet\u0151v\u00e9 teszi a v\u00e1llalkoz\u00e1sok sz\u00e1m\u00e1ra a kereslet pontos el\u0151rejelz\u00e9s\u00e9t a m\u00faltbeli adatok \u00e9s az aktu\u00e1lis piaci trendek ki\u00e9rt\u00e9kel\u00e9s\u00e9vel.. Ez biztos\u00edtja, hogy a termel\u00e9s mindig a piaci ig\u00e9nyekhez igazodjon.<\/p>\n\n\n\n<h4 class=\"gb-headline gb-headline-090a7842 gb-headline-text\">\u00c1ramvonalas anyagjegyz\u00e9k (BOM)<\/h4>\n\n\n\n<p>A BOM, a gy\u00e1rt\u00e1s egyik alapdokumentuma, z\u00f6kken\u0151mentesen kezelhet\u0151. A rendszer biztos\u00edtja, hogy az alkatr\u00e9szekben vagy folyamatokban bek\u00f6vetkez\u0151 v\u00e1ltoz\u00e1sok azonnal megjelenjenek, garant\u00e1lva, hogy mindenki a legfrissebb \u00e9s legpontosabb BOM alapj\u00e1n dolgozik.<\/p>\n\n\n\n<h4 class=\"gb-headline gb-headline-189a1f56 gb-headline-text\">K\u00f6lts\u00e9gcs\u00f6kkent\u00e9s<\/h4>\n\n\n\n<p>Minden gy\u00e1rt\u00f3egys\u00e9g egyik f\u0151 c\u00e9lja a k\u00f6lts\u00e9gek cs\u00f6kkent\u00e9se a min\u0151s\u00e9groml\u00e1s n\u00e9lk\u00fcl. Az ERP Manufacturing seg\u00edt a sz\u0171k keresztmetszetek vagy a pazarl\u00e1s azonos\u00edt\u00e1s\u00e1ban, \u00e9s ezzel megnyitja az utat a k\u00f6lts\u00e9ghat\u00e9kony termel\u00e9s el\u0151tt.<\/p>\n\n\n\n<h4 class=\"gb-headline gb-headline-28768607 gb-headline-text\">Min\u0151s\u00e9gbiztos\u00edt\u00e1s<\/h4>\n\n\n\n<p>Az ERP Manufacturing integr\u00e1lt min\u0151s\u00e9gellen\u0151rz\u00e9si modulokkal rendelkezik. Ez azt jelenti, hogy a gy\u00e1rt\u00e1si folyamat minden szakasz\u00e1ban betartj\u00e1k a min\u0151s\u00e9gi szabv\u00e1nyokat, \u00edgy biztos\u00edtva, hogy a v\u00e9gterm\u00e9k megfeleljen az elv\u00e1r\u00e1soknak, vagy t\u00falsz\u00e1rnyalja azokat.<\/p>\n\n\n\n<h4 class=\"gb-headline gb-headline-4b1ea3a2 gb-headline-text\">Sk\u00e1l\u00e1zhat\u00f3s\u00e1g<\/h4>\n\n\n\n<p>Ahogy a v\u00e1llalkoz\u00e1sok n\u00f6vekednek, \u00fagy n\u0151nek a kih\u00edv\u00e1saik is. Az ERP Manufacturing \u00fagy lett kialak\u00edtva, hogy alkalmazkodjon a n\u00f6vekv\u0151 komplexit\u00e1shoz, megk\u00f6nny\u00edtve a v\u00e1llalatok sz\u00e1m\u00e1ra, hogy rendszereik \u00e1talak\u00edt\u00e1sa n\u00e9lk\u00fcl b\u0151v\u00edts\u00e9k m\u0171k\u00f6d\u00e9s\u00fcket.<\/p>\n\n\n\n<p>L\u00e9nyeg\u00e9ben az ERP Manufacturing <a href=\"https:\/\/skyplanner.ai\/hu\/forrasok\/erp-modulok\/\">ERP-modulk\u00e9nt <\/a>val\u00f3 elfogad\u00e1sa nem csup\u00e1n egy strat\u00e9giai l\u00e9p\u00e9s a mai hat\u00e9konys\u00e1g \u00e9rdek\u00e9ben; ez egy el\u0151remutat\u00f3 d\u00f6nt\u00e9s, amely megnyitja az utat a fenntarthat\u00f3 n\u00f6veked\u00e9s, az alkalmazkod\u00f3k\u00e9pess\u00e9g \u00e9s a nyeres\u00e9gess\u00e9g el\u0151tt a folyamatosan v\u00e1ltoz\u00f3 gy\u00e1rt\u00e1si k\u00f6rnyezetben.<\/p>\n\n<\/div>\n\n<div class=\"gb-container gb-container-f7e777f3\">\n<div class=\"gb-container gb-container-0a56c9fa sticky\"><div class=\"gb-inside-container\">\n<div class=\"gb-container gb-container-eed176fc\"><div class=\"gb-inside-container\">\n<div class=\"gb-grid-wrapper gb-grid-wrapper-1b2f16ae\">\n<div class=\"gb-grid-column gb-grid-column-be655727\"><div class=\"gb-container gb-container-be655727\"><div class=\"gb-inside-container\">\n\n<figure class=\"wp-block-image size-large\"><img decoding=\"async\" width=\"1024\" height=\"685\" src=\"https:\/\/skyplanner.ai\/wp-content\/uploads\/2022\/06\/Production-planning-Straight-PNG-1-1024x685.png\" alt=\"SkyPlanner APS - Production planning and scheduling product image straight view\" class=\"wp-image-4339\" srcset=\"https:\/\/skyplanner.ai\/wp-content\/uploads\/2022\/06\/Production-planning-Straight-PNG-1-1024x685.png 1024w, https:\/\/skyplanner.ai\/wp-content\/uploads\/2022\/06\/Production-planning-Straight-PNG-1-300x201.png 300w, https:\/\/skyplanner.ai\/wp-content\/uploads\/2022\/06\/Production-planning-Straight-PNG-1-768x514.png 768w, https:\/\/skyplanner.ai\/wp-content\/uploads\/2022\/06\/Production-planning-Straight-PNG-1-1536x1027.png 1536w, https:\/\/skyplanner.ai\/wp-content\/uploads\/2022\/06\/Production-planning-Straight-PNG-1-2048x1370.png 2048w\" sizes=\"(max-width: 1024px) 100vw, 1024px\" \/><\/figure>\n\n<\/div><\/div><\/div>\n\n<div class=\"gb-grid-column gb-grid-column-0821f9a0\"><div class=\"gb-container gb-container-0821f9a0\"><div class=\"gb-inside-container\">\n\n<h4 class=\"wp-block-heading mobile-text-center\" id=\"h-advanced-production-planning-with-ai-skyplanner-aps\" style=\"font-size:24px\">Advanced production planning with AI &#8211; SkyPlanner APS<\/h4>\n\n\n\n<p class=\"mobile-text-center\">Read more about our approach to production planning and optimization leveraging the power of AI.<\/p>\n\n\n<div class=\"gb-button-wrapper gb-button-wrapper-690cb95e\">\n\n<a class=\"gb-button gb-button-7b87a903 gb-button-text\" href=\"https:\/\/skyplanner.ai\/\" aria-label=\"Book a demo\">Production planning with AI<\/a>\n\n<\/div>\n<\/div><\/div><\/div>\n<\/div>\n<\/div><\/div>\n<\/div><\/div>\n<\/div>\n\n<div class=\"gb-container gb-container-33d6b196\">\n\n<h2 class=\"wp-block-heading\">Az ERP gy\u00e1rt\u00e1s f\u0151 \u00f6sszetev\u0151i  <\/h2>\n\n\n\n<p>Ez az eszk\u00f6z a gy\u00e1rt\u00e1si \u00e1gazat sokr\u00e9t\u0171 ig\u00e9nyeinek kiel\u00e9g\u00edt\u00e9s\u00e9re szabott komponensek eg\u00e9sz sor\u00e1val b\u00fcszk\u00e9lkedhet. Minden egyes komponens kritikus fontoss\u00e1g\u00fa, biztos\u00edtva a z\u00f6kken\u0151mentes m\u0171k\u00f6d\u00e9st, az adatvez\u00e9relt d\u00f6nt\u00e9shozatalt \u00e9s az er\u0151forr\u00e1sok optim\u00e1lis kihaszn\u00e1l\u00e1s\u00e1t. Az al\u00e1bbiakban r\u00e9szletes betekint\u00e9st ny\u00fajtunk ezekbe az \u00f6sszetev\u0151kbe:<\/p>\n\n\n\n<h4 class=\"gb-headline gb-headline-3dcf295b gb-headline-text\">Termel\u00e9s tervez\u00e9s<\/h4>\n\n\n\n<p>Minden gy\u00e1rt\u00e1si folyamat gerince, a gy\u00e1rt\u00e1stervez\u00e9s biztos\u00edtja az er\u0151forr\u00e1sok optim\u00e1lis eloszt\u00e1s\u00e1t, a feladatok sorrendj\u00e9t \u00e9s a hat\u00e1rid\u0151k betart\u00e1s\u00e1t. Lehet\u0151v\u00e9 teszi a v\u00e1llalkoz\u00e1sok sz\u00e1m\u00e1ra, hogy a termel\u00e9si ig\u00e9nyeket a kereslet alapj\u00e1n el\u0151re jelezz\u00e9k, biztos\u00edtva az id\u0151ben t\u00f6rt\u00e9n\u0151 sz\u00e1ll\u00edt\u00e1st.<\/p>\n\n\n\n<h4 class=\"gb-headline gb-headline-edabd0a3 gb-headline-text\">K\u00e9szletgazd\u00e1lkod\u00e1s<\/h4>\n\n\n\n<p>Ezzel a komponenssel a gy\u00e1rt\u00f3k optim\u00e1lis k\u00e9szletszintet tarthatnak fenn, biztos\u00edtva, hogy sem t\u00falk\u00edn\u00e1lat, sem k\u00e9szlethi\u00e1ny ne forduljon el\u0151. Nyomon k\u00f6veti a term\u00e9keket a be\u00e9rkez\u00e9st\u0151l a sz\u00e1ll\u00edt\u00e1sig, seg\u00edtve ezzel a sz\u00e1ll\u00edt\u00e1si k\u00f6lts\u00e9gek cs\u00f6kkent\u00e9s\u00e9t \u00e9s a p\u00e9nzforgalom jav\u00edt\u00e1s\u00e1t.<\/p>\n\n\n\n<h4 class=\"gb-headline gb-headline-b3c5e6b9 gb-headline-text\">Ell\u00e1t\u00e1si l\u00e1nc menedzsment<\/h4>\n\n\n\n<p>Ez megk\u00f6nny\u00edti a besz\u00e1ll\u00edt\u00f3k, gy\u00e1rt\u00f3k \u00e9s forgalmaz\u00f3k k\u00f6z\u00f6tti z\u00f6kken\u0151mentes koordin\u00e1ci\u00f3t. Biztos\u00edtja a nyersanyagok id\u0151ben t\u00f6rt\u00e9n\u0151 beszerz\u00e9s\u00e9t, a hat\u00e9kony termel\u00e9st \u00e9s a gyors eloszt\u00e1st, optimaliz\u00e1lva a teljes ell\u00e1t\u00e1si l\u00e1ncot.<\/p>\n\n\n\n<h4 class=\"gb-headline gb-headline-c515ea69 gb-headline-text\">BOM (anyagjegyz\u00e9k)<\/h4>\n\n\n\n<p>Az anyagjegyz\u00e9k a gy\u00e1rt\u00e1shoz sz\u00fcks\u00e9ges nyersanyagok, alkatr\u00e9szek \u00e9s szerelv\u00e9nyek kimer\u00edt\u0151 list\u00e1ja. Ez a komponens biztos\u00edtja a pontoss\u00e1got, val\u00f3s id\u0151ben friss\u00fcl, \u00e9s lehet\u0151v\u00e9 teszi a k\u00f6nny\u0171 m\u00f3dos\u00edt\u00e1st.<\/p>\n\n\n\n<h4 class=\"gb-headline gb-headline-8941e7ff gb-headline-text\">Min\u0151s\u00e9gellen\u0151rz\u00e9s<\/h4>\n\n\n\n<p>A gy\u00e1rt\u00e1s sor\u00e1n a min\u0151s\u00e9gbiztos\u00edt\u00e1s a legfontosabb. Ez a komponens a gy\u00e1rt\u00e1si folyamat k\u00fcl\u00f6nb\u00f6z\u0151 szakaszaiban v\u00e9gzett rendszeres ellen\u0151rz\u00e9sekkel biztos\u00edtja, hogy a term\u00e9kek megfeleljenek a meghat\u00e1rozott min\u0151s\u00e9gi el\u0151\u00edr\u00e1soknak.<\/p>\n\n\n\n<h4 class=\"gb-headline gb-headline-5e8b610b gb-headline-text\">Rendel\u00e9skezel\u00e9s<\/h4>\n\n\n\n<p>Ez a komponens a megrendel\u00e9s be\u00e9rkez\u00e9s\u00e9t\u0151l a sz\u00e1ll\u00edt\u00e1sig racionaliz\u00e1lja a teljes megrendel\u00e9st\u0151l a k\u00e9szp\u00e9nzforgalomig tart\u00f3 ciklust, biztos\u00edtva az id\u0151ben t\u00f6rt\u00e9n\u0151 sz\u00e1ll\u00edt\u00e1st, a pontos sz\u00e1ml\u00e1z\u00e1st \u00e9s a gyors kifizet\u00e9seket.<\/p>\n\n\n\n<h4 class=\"gb-headline gb-headline-540130ee gb-headline-text\">K\u00f6zbeszerz\u00e9s<\/h4>\n\n\n\n<p>Ez ir\u00e1ny\u00edtja a nyersanyagok \u00e9s m\u00e1s alapvet\u0151 \u00f6sszetev\u0151k beszerz\u00e9s\u00e9t. Biztos\u00edtja, hogy a legjobb min\u0151s\u00e9g\u0171 anyagokat versenyk\u00e9pes \u00e1ron szerezz\u00fck be, ami hozz\u00e1j\u00e1rul a k\u00f6lts\u00e9ghat\u00e9konys\u00e1ghoz.<\/p>\n\n\n\n<h4 class=\"gb-headline gb-headline-b3cd2164 gb-headline-text\">Term\u00e9k\u00e9letciklus-menedzsment (PLM)<\/h4>\n\n\n\n<p>A PLM a term\u00e9ket a kezdetekt\u0151l a tervez\u00e9sen \u00e9s gy\u00e1rt\u00e1son \u00e1t a szervizel\u00e9sig \u00e9s a megsemmis\u00edt\u00e9sig nyomon k\u00f6veti. Seg\u00edt a term\u00e9kfejleszt\u00e9ssel \u00e9s m\u00f3dos\u00edt\u00e1sokkal kapcsolatos megalapozott d\u00f6nt\u00e9sek meghozatal\u00e1ban.<\/p>\n\n\n\n<h4 class=\"gb-headline gb-headline-fd3eb392 gb-headline-text\">Rakt\u00e1rkezel\u00e9s<\/h4>\n\n\n\n<p>A t\u00e1rol\u00e1son t\u00fal a hat\u00e9kony rakt\u00e1rkezel\u00e9s biztos\u00edtja a k\u00e9szletek hat\u00e9kony visszakeres\u00e9s\u00e9t, cs\u00f6kkenti a pazarl\u00e1st, \u00e9s racionaliz\u00e1lja a sz\u00e1ll\u00edt\u00e1si folyamatokat, ami gyorsabb \u00fcgyf\u00e9lkisz\u00e1ll\u00edt\u00e1shoz vezet.<\/p>\n\n\n\n<h4 class=\"gb-headline gb-headline-bc519057 gb-headline-text\">\u00dczlethelyis\u00e9g ellen\u0151rz\u00e9se<\/h4>\n\n\n\n<p>Ez a komponens val\u00f3s idej\u0171 k\u00e9pet ny\u00fajt az \u00fczemi tev\u00e9kenys\u00e9gekr\u0151l, a g\u00e9pi m\u0171veletekt\u0151l a munkaer\u0151 termel\u00e9kenys\u00e9g\u00e9ig. Seg\u00edt a sz\u0171k keresztmetszetek azonos\u00edt\u00e1s\u00e1ban \u00e9s a termel\u00e9si folyamatok optimaliz\u00e1l\u00e1s\u00e1ban.<\/p>\n\n\n\n<h4 class=\"gb-headline gb-headline-ba1ba308 gb-headline-text\">Karbantart\u00e1s menedzsment<\/h4>\n\n\n\n<p>L\u00e9tfontoss\u00e1g\u00fa, hogy a g\u00e9pek \u00e9s berendez\u00e9sek kifog\u00e1stalan \u00e1llapotban legyenek. Ez a komponens \u00fctemezi a rendszeres karbantart\u00e1st, cs\u00f6kkentve a nem tervezett le\u00e1ll\u00e1sokat \u00e9s meghosszabb\u00edtva a berendez\u00e9sek \u00e9lettartam\u00e1t.<\/p>\n\n\n\n<h4 class=\"gb-headline gb-headline-6c0468bd gb-headline-text\">Hum\u00e1n er\u0151forr\u00e1s<\/h4>\n\n\n\n<p>A g\u00e9pek m\u00f6g\u00f6tt \u00e1ll\u00f3 emberek ugyanolyan fontosak. Ez a komponens a toborz\u00e1st\u00f3l a k\u00e9pz\u00e9sen \u00e1t a b\u00e9rsz\u00e1mfejt\u00e9sig \u00e9s a teljes\u00edtm\u00e9ny\u00e9rt\u00e9kel\u00e9sig mindent ir\u00e1ny\u00edt, biztos\u00edtva a motiv\u00e1lt \u00e9s k\u00e9pzett munkaer\u0151 megl\u00e9t\u00e9t.<\/p>\n\n\n\n<h4 class=\"gb-headline gb-headline-f71f7e53 gb-headline-text\">P\u00e9nz\u00fcgyi ir\u00e1ny\u00edt\u00e1s<\/h4>\n\n\n\n<p>\u00c1tfog\u00f3 k\u00e9pet ad a v\u00e1llalkoz\u00e1s p\u00e9nz\u00fcgyi helyzet\u00e9r\u0151l, a kiad\u00e1sokt\u00f3l a bev\u00e9telekig, az eszk\u00f6z\u00f6kig \u00e9s a k\u00f6telezetts\u00e9gekig. Seg\u00edti a k\u00f6lts\u00e9gvet\u00e9s-tervez\u00e9st, a p\u00e9nz\u00fcgyi tervez\u00e9st \u00e9s a k\u00f6nyvvizsg\u00e1latra val\u00f3 felk\u00e9sz\u00fcl\u00e9st.<\/p>\n\n\n\n<h4 class=\"gb-headline gb-headline-9c337c56 gb-headline-text\">\u00dcgyf\u00e9lkapcsolat-kezel\u00e9s (CRM)<\/h4>\n\n\n\n<p>A tart\u00f3s n\u00f6veked\u00e9shez elengedhetetlen a szil\u00e1rd \u00fcgyf\u00e9lkapcsolatok ki\u00e9p\u00edt\u00e9se \u00e9s fenntart\u00e1sa. A CRM biztos\u00edtja a hat\u00e9kony \u00fcgyf\u00e9lkommunik\u00e1ci\u00f3t, a k\u00e9rd\u00e9sek, panaszok \u00e9s visszajelz\u00e9sek hat\u00e9kony kezel\u00e9s\u00e9t.<\/p>\n\n\n\n<h4 class=\"gb-headline gb-headline-e6b48ea8 gb-headline-text\">Analitika \u00e9s jelent\u00e9sk\u00e9sz\u00edt\u00e9s<\/h4>\n\n\n\n<p>Az adatvez\u00e9relt d\u00f6nt\u00e9shozatal a modern gy\u00e1rt\u00e1s sarokk\u00f6ve. Ez a komponens haszn\u00e1lhat\u00f3 betekint\u00e9st, r\u00e9szletes jelent\u00e9seket \u00e9s elemz\u00e9seket ny\u00fajt az \u00fczleti strat\u00e9gi\u00e1k megalapoz\u00e1s\u00e1hoz.<\/p>\n\n\n\n<p>Az ERP Manufacturing modulba integr\u00e1lva ezen \u00f6sszetev\u0151k mindegyike olyan eszk\u00f6z\u00f6kkel ruh\u00e1zza fel a gy\u00e1rt\u00f3kat, amelyekkel hat\u00e9konyan m\u0171k\u00f6dhetnek, alkalmazkodhatnak a piaci v\u00e1ltoz\u00e1sokhoz, \u00e9s fenntarthat\u00f3 n\u00f6veked\u00e9st biztos\u00edthatnak a versenyben.<\/p>\n\n\n\n<p><\/p>\n\n\n\n<div class=\"wp-block-uagb-image uagb-block-e73c263c wp-block-uagb-image--layout-default wp-block-uagb-image--effect-static wp-block-uagb-image--align-none\"><figure class=\"wp-block-uagb-image__figure\"><img decoding=\"async\" srcset=\"https:\/\/skyplanner.ai\/wp-content\/uploads\/2022\/06\/Solutions-header-Flat-PNG-1024x302.png  \" sizes=\"auto, (max-width: 480px) 150px\" src=\"https:\/\/skyplanner.ai\/wp-content\/uploads\/2022\/06\/Solutions-header-Flat-PNG-1024x302.png\" alt=\"SkyPlanner Advanced Planning and Scheduling Megold\u00e1sok termel\u00e9si probl\u00e9m\u00e1kra\" class=\"uag-image-4232\" width=\"1024\" height=\"302\" title=\"\" loading=\"lazy\" role=\"img\"><\/figure><\/div>\n\n\n\n<p><\/p>\n\n\n\n<h2 class=\"wp-block-heading\">Az ERP gy\u00e1rt\u00e1s j\u00f6v\u0151beli trendjei<\/h2>\n\n\n\n<p>A gy\u00e1rt\u00e1s mindig is \u00f6sszetett volt, de az elm\u00falt \u00e9vekben az Ipar 4.0, a digitaliz\u00e1ci\u00f3 \u00e9s a folyamatosan v\u00e1ltoz\u00f3 fogyaszt\u00f3i ig\u00e9nyek \u00e1ltal vez\u00e9relt gyors \u00e1talakul\u00e1son ment kereszt\u00fcl. \u00cdme n\u00e9h\u00e1ny \u00faj trend, amely jelzi az ERP-gy\u00e1rt\u00e1s j\u00f6v\u0151beli ir\u00e1ny\u00e1t:<\/p>\n\n\n\n<ol class=\"wp-block-list\">\n<li><strong>Az IoT (t\u00e1rgyak internete) integr\u00e1l\u00e1sa:<\/strong> Az eszk\u00f6z\u00f6k egyre innovat\u00edvabb\u00e1 v\u00e1l\u00e1s\u00e1val d\u00f6nt\u0151 szerepet fog j\u00e1tszani az egym\u00e1ssal val\u00f3 kommunik\u00e1ci\u00f3ra val\u00f3 k\u00e9pess\u00e9g\u00fck. Az<a href=\"https:\/\/skyplanner.ai\/hu\/forrasok\/a-dolgok-internete-a-gyartas-megerositese\/\"> IoT<\/a> integr\u00e1l\u00e1sa az ERP Manufacturing rendszerbe lehet\u0151v\u00e9 teszi a val\u00f3s idej\u0171 adatgy\u0171jt\u00e9st, felbecs\u00fclhetetlen \u00e9rt\u00e9k\u0171 betekint\u00e9st ny\u00fajt \u00e9s el\u0151seg\u00edti a proakt\u00edv d\u00f6nt\u00e9shozatalt.<\/li>\n\n\n\n<li><strong>AI \u00e9s g\u00e9pi tanul\u00e1s:<\/strong> Ezek a technol\u00f3gi\u00e1k \u00fajradefini\u00e1lj\u00e1k a folyamatautomatiz\u00e1l\u00e1st. Az ERP Manufacturing val\u00f3sz\u00edn\u0171leg a mesters\u00e9ges intelligenci\u00e1t fogja felhaszn\u00e1lni a predikt\u00edv elemz\u00e9shez, a kereslet pontosabb el\u0151rejelz\u00e9s\u00e9hez \u00e9s az er\u0151forr\u00e1sok eloszt\u00e1s\u00e1nak optimaliz\u00e1l\u00e1s\u00e1hoz.<\/li>\n\n\n\n<li><strong>Felh\u0151alap\u00fa megold\u00e1sok:<\/strong> A felh\u0151alap\u00fa sz\u00e1m\u00edt\u00e1stechnika fel\u00e9 val\u00f3 elmozdul\u00e1s folytat\u00f3dik, mivel az sk\u00e1l\u00e1zhat\u00f3s\u00e1got, val\u00f3s idej\u0171 friss\u00edt\u00e9seket \u00e9s b\u00e1rhonnan val\u00f3 hozz\u00e1f\u00e9r\u00e9st k\u00edn\u00e1l. A felh\u0151alap\u00fa ERP gy\u00e1rt\u00f3rendszerek cs\u00f6kkentik a helysz\u00edni IT-infrastrukt\u00fara sz\u00fcks\u00e9gess\u00e9g\u00e9t, ami k\u00f6lts\u00e9gmegtakar\u00edt\u00e1st eredm\u00e9nyez.<\/li>\n\n\n\n<li><strong>Virtu\u00e1lis val\u00f3s\u00e1g \u00e9s kiterjesztett val\u00f3s\u00e1g:<\/strong> Ezek az \u00faj technol\u00f3giai eszk\u00f6z\u00f6k jav\u00edthatj\u00e1k a k\u00e9pz\u00e9si folyamatokat, megk\u00f6nny\u00edthetik a virtu\u00e1lis t\u00far\u00e1kat a gy\u00e1rt\u00f3\u00fczemekben, \u00e9s val\u00f3s idej\u0171 szimul\u00e1ci\u00f3kat k\u00edn\u00e1lnak, hat\u00e9konyabb\u00e1 t\u00e9ve a gy\u00e1rt\u00e1si folyamatot \u00e9s cs\u00f6kkentve a hib\u00e1k sz\u00e1m\u00e1t.<\/li>\n\n\n\n<li><strong>Fenntarthat\u00f3s\u00e1g \u00e9s z\u00f6ld gy\u00e1rt\u00e1s:<\/strong> Az ERP Manufacturing modulok olyan funkci\u00f3kat fognak tartalmazni, amelyek a k\u00f6rnyezetbar\u00e1t termel\u00e9si m\u00f3dszereket, a hullad\u00e9kcs\u00f6kkent\u00e9st \u00e9s az energiahat\u00e9konys\u00e1got helyezik el\u0151t\u00e9rbe.<\/li>\n<\/ol>\n\n\n\n<h2 class=\"wp-block-heading\">A modul el\u0151nyeit \u00e9lvez\u0151 ipar\u00e1gak<\/h2>\n\n\n\n<ol class=\"wp-block-list\">\n<li><strong>Aut\u00f3ipar:<\/strong> Az aut\u00f3ipar nagym\u00e9rt\u00e9kben t\u00e1maszkodik az ERP Manufacturingre a racionaliz\u00e1lt m\u0171veletek, a k\u00e9szletgazd\u00e1lkod\u00e1s \u00e9s a val\u00f3s idej\u0171 nyomon k\u00f6vet\u00e9s \u00e9rdek\u00e9ben.<\/li>\n\n\n\n<li><strong>Gy\u00f3gyszerek:<\/strong> A gy\u00f3gyszeripar sz\u00e1m\u00e1ra n\u00e9lk\u00fcl\u00f6zhetetlen az ERP Manufacturing, amely biztos\u00edtja az el\u0151\u00edr\u00e1sok betart\u00e1s\u00e1t, a bonyolult recept\u00far\u00e1k kezel\u00e9s\u00e9t \u00e9s a min\u0151s\u00e9gi szabv\u00e1nyok betart\u00e1s\u00e1t.<\/li>\n\n\n\n<li><strong>Rep\u00fcl\u0151g\u00e9pipar \u00e9s v\u00e9delem:<\/strong> Az ERP Manufacturing seg\u00edt a gy\u00e1rt\u00e1si \u00fctemtervek optimaliz\u00e1l\u00e1s\u00e1ban, a BOM kezel\u00e9s\u00e9ben \u00e9s a szigor\u00fa min\u0151s\u00e9gi ellen\u0151rz\u00e9sek biztos\u00edt\u00e1s\u00e1ban.<\/li>\n\n\n\n<li><strong>Elektronika:<\/strong> Az elektronika technol\u00f3giai fejl\u0151d\u00e9s\u00e9nek gyors \u00fcteme hat\u00e9kony gy\u00e1rt\u00e1stervez\u00e9st, k\u00e9szletgazd\u00e1lkod\u00e1st \u00e9s a piaci trendekhez val\u00f3 gyors alkalmazkod\u00f3k\u00e9pess\u00e9get ig\u00e9nyel, amit az ERP Manufacturing seg\u00edt.<\/li>\n\n\n\n<li><strong>\u00c9lelmiszerek \u00e9s italok:<\/strong> A romland\u00f3 term\u00e9kek, a szigor\u00fa min\u0151s\u00e9gellen\u0151rz\u00e9s \u00e9s a v\u00e1ltoz\u00f3 fogyaszt\u00f3i ig\u00e9nyek miatt az \u00e9lelmiszer- \u00e9s italipar az ERP Manufacturingre t\u00e1maszkodik a hat\u00e9kony k\u00e9szletgazd\u00e1lkod\u00e1s, a min\u0151s\u00e9gellen\u0151rz\u00e9s \u00e9s az id\u0151ben t\u00f6rt\u00e9n\u0151 sz\u00e1ll\u00edt\u00e1s \u00e9rdek\u00e9ben.<\/li>\n<\/ol>\n\n\n\n<h2 class=\"wp-block-heading\">APS, mint p\u00e9ld\u00e1ul a Skyplanner integr\u00e1l\u00e1sa az ERP Manufacturing rendszerbe<\/h2>\n\n\n\n<p>Egy olyan fejlett tervez\u00e9si \u00e9s \u00fctemez\u00e9si (APS) rendszer, mint a Skyplanner, \u00faj magass\u00e1gokba emelheti a m\u0171k\u00f6d\u00e9si hat\u00e9konys\u00e1got azok sz\u00e1m\u00e1ra, akik m\u00e1r kihaszn\u00e1lj\u00e1k vagy fontolgatj\u00e1k az ERP Manufacturing alkalmaz\u00e1s\u00e1t. A <a href=\"https:\/\/skyplanner.ai\/hu\/\">Skyplanner<\/a> nemcsak a r\u00e9szletes gy\u00e1rt\u00e1s\u00fctemez\u00e9sben ny\u00fajt seg\u00edts\u00e9get, hanem olyan betekint\u00e9st is ny\u00fajt, amely seg\u00edthet az er\u0151forr\u00e1sok eloszt\u00e1s\u00e1nak optimaliz\u00e1l\u00e1s\u00e1ban, az \u00e1tfut\u00e1si id\u0151k cs\u00f6kkent\u00e9s\u00e9ben \u00e9s az id\u0151ben t\u00f6rt\u00e9n\u0151 sz\u00e1ll\u00edt\u00e1s biztos\u00edt\u00e1s\u00e1ban. Az ERP Manufacturing rendszerrel val\u00f3 integr\u00e1ci\u00f3 holisztikus k\u00e9pet ny\u00fajt a termel\u00e9si k\u00f6rnyezetr\u0151l, lehet\u0151v\u00e9 t\u00e9ve a v\u00e1llalkoz\u00e1sok sz\u00e1m\u00e1ra, hogy rugalmasak maradjanak \u00e9s reag\u00e1ljanak a piaci ingadoz\u00e1sokra.<\/p>\n\n\n\n<p>Ha a m\u0171veletek racionaliz\u00e1l\u00e1sa, a hat\u00e9konys\u00e1g n\u00f6vel\u00e9se \u00e9s a versenyt\u00e1rsak el\u0151tt marad\u00e1sa a c\u00e9lja, akkor itt az ideje, hogy kihaszn\u00e1lja az ERP Manufacturing \u00e9s a Skyplanner egy\u00fcttes erej\u00e9t. <a href=\"https:\/\/skyplanner.ai\/hu\/kapcsolat-ertekesites\/\">Vegye fel vel\u00fcnk a kapcsolatot m\u00e9g ma, \u00e9s vizsg\u00e1ljuk meg, hogyan tudunk megold\u00e1sokat szabni az \u00d6n egyedi gy\u00e1rt\u00e1si ig\u00e9nyeihez<\/a>, \u00e9s hogyan tudjuk \u00d6nt a fenntarthat\u00f3 n\u00f6veked\u00e9s \u00fatj\u00e1ra terelni.<\/p>\n\n\n\n<p><\/p>\n\n<\/div>\n\n<div class=\"gb-container gb-container-92545123\">\n<div class=\"gb-grid-wrapper gb-grid-wrapper-0a61546f\">\n<div class=\"gb-grid-column gb-grid-column-e4183086\"><div class=\"gb-container gb-container-e4183086\">\n\n<\/div><\/div>\n\n<div class=\"gb-grid-column gb-grid-column-84ccbb5d\"><div class=\"gb-container gb-container-84ccbb5d\">\n\n<\/div><\/div>\n<\/div>\n<\/div>\n<\/div>","protected":false},"excerpt":{"rendered":"<p>ERP gy\u00e1rt\u00e1s Kezd\u0151lap \u00bb Forr\u00e1sok \u00bb ERP gy\u00e1rt\u00e1s Minden gy\u00e1rt\u00e1stervez\u0151 ismeri a kih\u00edv\u00e1st: kapott egy megrendel\u00e9st, de fel van-e szerelve a hat\u00e9kony teljes\u00edt\u00e9shez? K\u00e9pzelj\u00fcnk el egy olyan forgat\u00f3k\u00f6nyvet, amelyben a kereslet n\u00f6vekszik, de a termel\u00e9si kapacit\u00e1sok, a nyersanyagk\u00e9szlet vagy ak\u00e1r az anyagjegyz\u00e9k (BOM) \u00e1ttekinthet\u0151s\u00e9g\u00e9nek hi\u00e1nya k\u00e9sedelmeket \u00e9s hat\u00e9konys\u00e1gi hi\u00e1nyoss\u00e1gokat okoz. Egy ilyen forgat\u00f3k\u00f6nyv megalapozhatja vagy &#8230; <a title=\"ERP gy\u00e1rt\u00e1s\" class=\"read-more\" href=\"https:\/\/skyplanner.ai\/hu\/forrasok\/erp-gyartas\/\" aria-label=\"Read more about ERP gy\u00e1rt\u00e1s\">Olvass tov\u00e1bb<\/a><\/p>\n","protected":false},"author":6,"featured_media":15651,"comment_status":"closed","ping_status":"open","sticky":false,"template":"","format":"standard","meta":{"inline_featured_image":false,"_uag_custom_page_level_css":"","footnotes":""},"categories":[312],"tags":[],"class_list":["post-16497","post","type-post","status-publish","format-standard","has-post-thumbnail","hentry","category-forrasok","generate-columns","tablet-grid-50","mobile-grid-100","grid-parent","grid-33"],"acf":[],"yoast_head":"<!-- This site is optimized with the Yoast SEO Premium plugin v26.9 (Yoast SEO v27.0) - https:\/\/yoast.com\/product\/yoast-seo-premium-wordpress\/ -->\n<title>ERP gy\u00e1rt\u00e1s &#8211; SkyPlanner<\/title>\n<meta name=\"description\" content=\"Az ERP Manufacturing egy speci\u00e1lis modul, amely els\u0151sorban a gy\u00e1rt\u00e1si \u00e9s termel\u00e9si folyamatok optimaliz\u00e1l\u00e1s\u00e1ra \u00f6sszpontos\u00edt.\" \/>\n<meta name=\"robots\" content=\"index, follow, max-snippet:-1, max-image-preview:large, max-video-preview:-1\" \/>\n<link rel=\"canonical\" href=\"https:\/\/skyplanner.ai\/hu\/forrasok\/erp-gyartas\/\" \/>\n<meta property=\"og:locale\" content=\"hu_HU\" \/>\n<meta property=\"og:type\" content=\"article\" \/>\n<meta property=\"og:title\" content=\"ERP gy\u00e1rt\u00e1s\" \/>\n<meta property=\"og:description\" content=\"Az ERP Manufacturing egy speci\u00e1lis modul, amely els\u0151sorban a gy\u00e1rt\u00e1si \u00e9s termel\u00e9si folyamatok optimaliz\u00e1l\u00e1s\u00e1ra \u00f6sszpontos\u00edt.\" \/>\n<meta property=\"og:url\" content=\"https:\/\/skyplanner.ai\/hu\/forrasok\/erp-gyartas\/\" \/>\n<meta property=\"og:site_name\" content=\"SkyPlanner\" \/>\n<meta property=\"article:published_time\" content=\"2023-09-02T15:23:09+00:00\" \/>\n<meta property=\"article:modified_time\" content=\"2025-05-15T09:43:16+00:00\" \/>\n<meta property=\"og:image\" content=\"https:\/\/skyplanner.ai\/wp-content\/uploads\/2023\/08\/ERP-Manufacturing-scaled.jpg\" \/>\n\t<meta property=\"og:image:width\" content=\"2560\" \/>\n\t<meta property=\"og:image:height\" content=\"1717\" \/>\n\t<meta property=\"og:image:type\" content=\"image\/jpeg\" \/>\n<meta name=\"author\" content=\"SkyPlanner\" \/>\n<meta name=\"twitter:card\" content=\"summary_large_image\" \/>\n<meta name=\"twitter:label1\" content=\"Szerz\u0151:\" \/>\n\t<meta name=\"twitter:data1\" content=\"SkyPlanner\" \/>\n\t<meta name=\"twitter:label2\" content=\"Becs\u00fclt olvas\u00e1si id\u0151\" \/>\n\t<meta name=\"twitter:data2\" content=\"9 minutes\" \/>\n<script type=\"application\/ld+json\" class=\"yoast-schema-graph\">{\"@context\":\"https:\/\/schema.org\",\"@graph\":[{\"@type\":\"Article\",\"@id\":\"https:\/\/skyplanner.ai\/hu\/forrasok\/erp-gyartas\/#article\",\"isPartOf\":{\"@id\":\"https:\/\/skyplanner.ai\/hu\/forrasok\/erp-gyartas\/\"},\"author\":{\"name\":\"SkyPlanner\",\"@id\":\"https:\/\/skyplanner.ai\/hu\/#\/schema\/person\/9122a7382a3a91f77e5ed0207811724a\"},\"headline\":\"ERP gy\u00e1rt\u00e1s\",\"datePublished\":\"2023-09-02T15:23:09+00:00\",\"dateModified\":\"2025-05-15T09:43:16+00:00\",\"mainEntityOfPage\":{\"@id\":\"https:\/\/skyplanner.ai\/hu\/forrasok\/erp-gyartas\/\"},\"wordCount\":3083,\"publisher\":{\"@id\":\"https:\/\/skyplanner.ai\/hu\/#organization\"},\"image\":{\"@id\":\"https:\/\/skyplanner.ai\/hu\/forrasok\/erp-gyartas\/#primaryimage\"},\"thumbnailUrl\":\"https:\/\/skyplanner.ai\/wp-content\/uploads\/2023\/08\/ERP-Manufacturing-scaled.jpg\",\"articleSection\":[\"forr\u00e1sok\"],\"inLanguage\":\"hu-HU\"},{\"@type\":\"WebPage\",\"@id\":\"https:\/\/skyplanner.ai\/hu\/forrasok\/erp-gyartas\/\",\"url\":\"https:\/\/skyplanner.ai\/hu\/forrasok\/erp-gyartas\/\",\"name\":\"ERP gy\u00e1rt\u00e1s &#8211; SkyPlanner\",\"isPartOf\":{\"@id\":\"https:\/\/skyplanner.ai\/hu\/#website\"},\"primaryImageOfPage\":{\"@id\":\"https:\/\/skyplanner.ai\/hu\/forrasok\/erp-gyartas\/#primaryimage\"},\"image\":{\"@id\":\"https:\/\/skyplanner.ai\/hu\/forrasok\/erp-gyartas\/#primaryimage\"},\"thumbnailUrl\":\"https:\/\/skyplanner.ai\/wp-content\/uploads\/2023\/08\/ERP-Manufacturing-scaled.jpg\",\"datePublished\":\"2023-09-02T15:23:09+00:00\",\"dateModified\":\"2025-05-15T09:43:16+00:00\",\"description\":\"Az ERP Manufacturing egy speci\u00e1lis modul, amely els\u0151sorban a gy\u00e1rt\u00e1si \u00e9s termel\u00e9si folyamatok optimaliz\u00e1l\u00e1s\u00e1ra \u00f6sszpontos\u00edt.\",\"breadcrumb\":{\"@id\":\"https:\/\/skyplanner.ai\/hu\/forrasok\/erp-gyartas\/#breadcrumb\"},\"inLanguage\":\"hu-HU\",\"potentialAction\":[{\"@type\":\"ReadAction\",\"target\":[\"https:\/\/skyplanner.ai\/hu\/forrasok\/erp-gyartas\/\"]}]},{\"@type\":\"ImageObject\",\"inLanguage\":\"hu-HU\",\"@id\":\"https:\/\/skyplanner.ai\/hu\/forrasok\/erp-gyartas\/#primaryimage\",\"url\":\"https:\/\/skyplanner.ai\/wp-content\/uploads\/2023\/08\/ERP-Manufacturing-scaled.jpg\",\"contentUrl\":\"https:\/\/skyplanner.ai\/wp-content\/uploads\/2023\/08\/ERP-Manufacturing-scaled.jpg\",\"width\":2560,\"height\":1717,\"caption\":\"ERP Manufacturing\"},{\"@type\":\"BreadcrumbList\",\"@id\":\"https:\/\/skyplanner.ai\/hu\/forrasok\/erp-gyartas\/#breadcrumb\",\"itemListElement\":[{\"@type\":\"ListItem\",\"position\":1,\"name\":\"Home\",\"item\":\"https:\/\/skyplanner.ai\/hu\/kezdolap-2\/\"},{\"@type\":\"ListItem\",\"position\":2,\"name\":\"ERP gy\u00e1rt\u00e1s\"}]},{\"@type\":\"WebSite\",\"@id\":\"https:\/\/skyplanner.ai\/hu\/#website\",\"url\":\"https:\/\/skyplanner.ai\/hu\/\",\"name\":\"SkyPlanner\",\"description\":\"AI-powered production scheduling and planning software\",\"publisher\":{\"@id\":\"https:\/\/skyplanner.ai\/hu\/#organization\"},\"potentialAction\":[{\"@type\":\"SearchAction\",\"target\":{\"@type\":\"EntryPoint\",\"urlTemplate\":\"https:\/\/skyplanner.ai\/hu\/?s={search_term_string}\"},\"query-input\":{\"@type\":\"PropertyValueSpecification\",\"valueRequired\":true,\"valueName\":\"search_term_string\"}}],\"inLanguage\":\"hu-HU\"},{\"@type\":\"Organization\",\"@id\":\"https:\/\/skyplanner.ai\/hu\/#organization\",\"name\":\"SkyPlanner APS\",\"url\":\"https:\/\/skyplanner.ai\/hu\/\",\"logo\":{\"@type\":\"ImageObject\",\"inLanguage\":\"hu-HU\",\"@id\":\"https:\/\/skyplanner.ai\/hu\/#\/schema\/logo\/image\/\",\"url\":\"https:\/\/skyplanner.ai\/wp-content\/uploads\/2022\/05\/Skyplanner-logo-2.svg\",\"contentUrl\":\"https:\/\/skyplanner.ai\/wp-content\/uploads\/2022\/05\/Skyplanner-logo-2.svg\",\"width\":223,\"height\":43,\"caption\":\"SkyPlanner APS\"},\"image\":{\"@id\":\"https:\/\/skyplanner.ai\/hu\/#\/schema\/logo\/image\/\"},\"sameAs\":[\"https:\/\/www.linkedin.com\/company\/skyplanner-aps\/\",\"https:\/\/www.youtube.com\/@SkyPlannerAPS\",\"https:\/\/www.capterra.com\/p\/265911\/SkyPlanner-APS\/\",\"https:\/\/www.trustradius.com\/products\/skyplanner-aps\/reviews\",\"https:\/\/www.saasworthy.com\/product\/skyplanner-aps\",\"https:\/\/sourceforge.net\/software\/product\/SkyPlanner-APS\/\",\"https:\/\/www.g2.com\/products\/skyplanner-aps\/\",\"https:\/\/www.getapp.com\/project-management-planning-software\/a\/skyplanner-aps\/\",\"https:\/\/www.softwareadvice.com\/cmms\/skyplanner-aps-profile\/\"],\"description\":\"AI-powered production scheduling and planning software for manufacturing\",\"foundingDate\":\"1997\",\"legalName\":\"Skycode Oy\",\"alternateName\":\"SkyPlanner\",\"knowsAbout\":[\"Production Scheduling\",\"Advanced Planning and Scheduling\",\"Manufacturing AI\",\"Finite Capacity Scheduling\",\"ERP Integration\"],\"areaServed\":\"Worldwide\",\"contactPoint\":{\"@type\":\"ContactPoint\",\"contactType\":\"sales\",\"url\":\"https:\/\/skyplanner.ai\/trial\/\"}},{\"@type\":\"Person\",\"@id\":\"https:\/\/skyplanner.ai\/hu\/#\/schema\/person\/9122a7382a3a91f77e5ed0207811724a\",\"name\":\"SkyPlanner\",\"image\":{\"@type\":\"ImageObject\",\"inLanguage\":\"hu-HU\",\"@id\":\"https:\/\/skyplanner.ai\/hu\/#\/schema\/person\/image\/\",\"url\":\"https:\/\/secure.gravatar.com\/avatar\/b7d00e63bfb49c23e740cab317acbfb7287b7fa23d51b75e89a6659494daa9dd?s=96&d=mm&r=g\",\"contentUrl\":\"https:\/\/secure.gravatar.com\/avatar\/b7d00e63bfb49c23e740cab317acbfb7287b7fa23d51b75e89a6659494daa9dd?s=96&d=mm&r=g\",\"caption\":\"SkyPlanner\"}}]}<\/script>\n<!-- \/ Yoast SEO Premium plugin. -->","yoast_head_json":{"title":"ERP gy\u00e1rt\u00e1s &#8211; SkyPlanner","description":"Az ERP Manufacturing egy speci\u00e1lis modul, amely els\u0151sorban a gy\u00e1rt\u00e1si \u00e9s termel\u00e9si folyamatok optimaliz\u00e1l\u00e1s\u00e1ra \u00f6sszpontos\u00edt.","robots":{"index":"index","follow":"follow","max-snippet":"max-snippet:-1","max-image-preview":"max-image-preview:large","max-video-preview":"max-video-preview:-1"},"canonical":"https:\/\/skyplanner.ai\/hu\/forrasok\/erp-gyartas\/","og_locale":"hu_HU","og_type":"article","og_title":"ERP gy\u00e1rt\u00e1s","og_description":"Az ERP Manufacturing egy speci\u00e1lis modul, amely els\u0151sorban a gy\u00e1rt\u00e1si \u00e9s termel\u00e9si folyamatok optimaliz\u00e1l\u00e1s\u00e1ra \u00f6sszpontos\u00edt.","og_url":"https:\/\/skyplanner.ai\/hu\/forrasok\/erp-gyartas\/","og_site_name":"SkyPlanner","article_published_time":"2023-09-02T15:23:09+00:00","article_modified_time":"2025-05-15T09:43:16+00:00","og_image":[{"width":2560,"height":1717,"url":"https:\/\/skyplanner.ai\/wp-content\/uploads\/2023\/08\/ERP-Manufacturing-scaled.jpg","type":"image\/jpeg"}],"author":"SkyPlanner","twitter_card":"summary_large_image","twitter_misc":{"Szerz\u0151:":"SkyPlanner","Becs\u00fclt olvas\u00e1si id\u0151":"9 minutes"},"schema":{"@context":"https:\/\/schema.org","@graph":[{"@type":"Article","@id":"https:\/\/skyplanner.ai\/hu\/forrasok\/erp-gyartas\/#article","isPartOf":{"@id":"https:\/\/skyplanner.ai\/hu\/forrasok\/erp-gyartas\/"},"author":{"name":"SkyPlanner","@id":"https:\/\/skyplanner.ai\/hu\/#\/schema\/person\/9122a7382a3a91f77e5ed0207811724a"},"headline":"ERP gy\u00e1rt\u00e1s","datePublished":"2023-09-02T15:23:09+00:00","dateModified":"2025-05-15T09:43:16+00:00","mainEntityOfPage":{"@id":"https:\/\/skyplanner.ai\/hu\/forrasok\/erp-gyartas\/"},"wordCount":3083,"publisher":{"@id":"https:\/\/skyplanner.ai\/hu\/#organization"},"image":{"@id":"https:\/\/skyplanner.ai\/hu\/forrasok\/erp-gyartas\/#primaryimage"},"thumbnailUrl":"https:\/\/skyplanner.ai\/wp-content\/uploads\/2023\/08\/ERP-Manufacturing-scaled.jpg","articleSection":["forr\u00e1sok"],"inLanguage":"hu-HU"},{"@type":"WebPage","@id":"https:\/\/skyplanner.ai\/hu\/forrasok\/erp-gyartas\/","url":"https:\/\/skyplanner.ai\/hu\/forrasok\/erp-gyartas\/","name":"ERP gy\u00e1rt\u00e1s &#8211; SkyPlanner","isPartOf":{"@id":"https:\/\/skyplanner.ai\/hu\/#website"},"primaryImageOfPage":{"@id":"https:\/\/skyplanner.ai\/hu\/forrasok\/erp-gyartas\/#primaryimage"},"image":{"@id":"https:\/\/skyplanner.ai\/hu\/forrasok\/erp-gyartas\/#primaryimage"},"thumbnailUrl":"https:\/\/skyplanner.ai\/wp-content\/uploads\/2023\/08\/ERP-Manufacturing-scaled.jpg","datePublished":"2023-09-02T15:23:09+00:00","dateModified":"2025-05-15T09:43:16+00:00","description":"Az ERP Manufacturing egy speci\u00e1lis modul, amely els\u0151sorban a gy\u00e1rt\u00e1si \u00e9s termel\u00e9si folyamatok optimaliz\u00e1l\u00e1s\u00e1ra \u00f6sszpontos\u00edt.","breadcrumb":{"@id":"https:\/\/skyplanner.ai\/hu\/forrasok\/erp-gyartas\/#breadcrumb"},"inLanguage":"hu-HU","potentialAction":[{"@type":"ReadAction","target":["https:\/\/skyplanner.ai\/hu\/forrasok\/erp-gyartas\/"]}]},{"@type":"ImageObject","inLanguage":"hu-HU","@id":"https:\/\/skyplanner.ai\/hu\/forrasok\/erp-gyartas\/#primaryimage","url":"https:\/\/skyplanner.ai\/wp-content\/uploads\/2023\/08\/ERP-Manufacturing-scaled.jpg","contentUrl":"https:\/\/skyplanner.ai\/wp-content\/uploads\/2023\/08\/ERP-Manufacturing-scaled.jpg","width":2560,"height":1717,"caption":"ERP Manufacturing"},{"@type":"BreadcrumbList","@id":"https:\/\/skyplanner.ai\/hu\/forrasok\/erp-gyartas\/#breadcrumb","itemListElement":[{"@type":"ListItem","position":1,"name":"Home","item":"https:\/\/skyplanner.ai\/hu\/kezdolap-2\/"},{"@type":"ListItem","position":2,"name":"ERP gy\u00e1rt\u00e1s"}]},{"@type":"WebSite","@id":"https:\/\/skyplanner.ai\/hu\/#website","url":"https:\/\/skyplanner.ai\/hu\/","name":"SkyPlanner","description":"AI-powered production scheduling and planning software","publisher":{"@id":"https:\/\/skyplanner.ai\/hu\/#organization"},"potentialAction":[{"@type":"SearchAction","target":{"@type":"EntryPoint","urlTemplate":"https:\/\/skyplanner.ai\/hu\/?s={search_term_string}"},"query-input":{"@type":"PropertyValueSpecification","valueRequired":true,"valueName":"search_term_string"}}],"inLanguage":"hu-HU"},{"@type":"Organization","@id":"https:\/\/skyplanner.ai\/hu\/#organization","name":"SkyPlanner APS","url":"https:\/\/skyplanner.ai\/hu\/","logo":{"@type":"ImageObject","inLanguage":"hu-HU","@id":"https:\/\/skyplanner.ai\/hu\/#\/schema\/logo\/image\/","url":"https:\/\/skyplanner.ai\/wp-content\/uploads\/2022\/05\/Skyplanner-logo-2.svg","contentUrl":"https:\/\/skyplanner.ai\/wp-content\/uploads\/2022\/05\/Skyplanner-logo-2.svg","width":223,"height":43,"caption":"SkyPlanner APS"},"image":{"@id":"https:\/\/skyplanner.ai\/hu\/#\/schema\/logo\/image\/"},"sameAs":["https:\/\/www.linkedin.com\/company\/skyplanner-aps\/","https:\/\/www.youtube.com\/@SkyPlannerAPS","https:\/\/www.capterra.com\/p\/265911\/SkyPlanner-APS\/","https:\/\/www.trustradius.com\/products\/skyplanner-aps\/reviews","https:\/\/www.saasworthy.com\/product\/skyplanner-aps","https:\/\/sourceforge.net\/software\/product\/SkyPlanner-APS\/","https:\/\/www.g2.com\/products\/skyplanner-aps\/","https:\/\/www.getapp.com\/project-management-planning-software\/a\/skyplanner-aps\/","https:\/\/www.softwareadvice.com\/cmms\/skyplanner-aps-profile\/"],"description":"AI-powered production scheduling and planning software for manufacturing","foundingDate":"1997","legalName":"Skycode Oy","alternateName":"SkyPlanner","knowsAbout":["Production Scheduling","Advanced Planning and Scheduling","Manufacturing AI","Finite Capacity Scheduling","ERP Integration"],"areaServed":"Worldwide","contactPoint":{"@type":"ContactPoint","contactType":"sales","url":"https:\/\/skyplanner.ai\/trial\/"}},{"@type":"Person","@id":"https:\/\/skyplanner.ai\/hu\/#\/schema\/person\/9122a7382a3a91f77e5ed0207811724a","name":"SkyPlanner","image":{"@type":"ImageObject","inLanguage":"hu-HU","@id":"https:\/\/skyplanner.ai\/hu\/#\/schema\/person\/image\/","url":"https:\/\/secure.gravatar.com\/avatar\/b7d00e63bfb49c23e740cab317acbfb7287b7fa23d51b75e89a6659494daa9dd?s=96&d=mm&r=g","contentUrl":"https:\/\/secure.gravatar.com\/avatar\/b7d00e63bfb49c23e740cab317acbfb7287b7fa23d51b75e89a6659494daa9dd?s=96&d=mm&r=g","caption":"SkyPlanner"}}]}},"uagb_featured_image_src":{"full":["https:\/\/skyplanner.ai\/wp-content\/uploads\/2023\/08\/ERP-Manufacturing-scaled.jpg",2560,1717,false],"thumbnail":["https:\/\/skyplanner.ai\/wp-content\/uploads\/2023\/08\/ERP-Manufacturing-150x150.jpg",150,150,true],"medium":["https:\/\/skyplanner.ai\/wp-content\/uploads\/2023\/08\/ERP-Manufacturing-300x201.jpg",300,201,true],"medium_large":["https:\/\/skyplanner.ai\/wp-content\/uploads\/2023\/08\/ERP-Manufacturing-768x515.jpg",768,515,true],"large":["https:\/\/skyplanner.ai\/wp-content\/uploads\/2023\/08\/ERP-Manufacturing-1024x687.jpg",1024,687,true],"1536x1536":["https:\/\/skyplanner.ai\/wp-content\/uploads\/2023\/08\/ERP-Manufacturing-1536x1030.jpg",1536,1030,true],"2048x2048":["https:\/\/skyplanner.ai\/wp-content\/uploads\/2023\/08\/ERP-Manufacturing-2048x1374.jpg",2048,1374,true],"betterdocs-category-thumb":["https:\/\/skyplanner.ai\/wp-content\/uploads\/2023\/08\/ERP-Manufacturing-scaled.jpg",360,241,false]},"uagb_author_info":{"display_name":"SkyPlanner","author_link":"https:\/\/skyplanner.ai\/hu\/author\/bettina\/"},"uagb_comment_info":0,"uagb_excerpt":"ERP gy\u00e1rt\u00e1s Kezd\u0151lap \u00bb Forr\u00e1sok \u00bb ERP gy\u00e1rt\u00e1s Minden gy\u00e1rt\u00e1stervez\u0151 ismeri a kih\u00edv\u00e1st: kapott egy megrendel\u00e9st, de fel van-e szerelve a hat\u00e9kony teljes\u00edt\u00e9shez? K\u00e9pzelj\u00fcnk el egy olyan forgat\u00f3k\u00f6nyvet, amelyben a kereslet n\u00f6vekszik, de a termel\u00e9si kapacit\u00e1sok, a nyersanyagk\u00e9szlet vagy ak\u00e1r az anyagjegyz\u00e9k (BOM) \u00e1ttekinthet\u0151s\u00e9g\u00e9nek hi\u00e1nya k\u00e9sedelmeket \u00e9s hat\u00e9konys\u00e1gi hi\u00e1nyoss\u00e1gokat okoz. Egy ilyen forgat\u00f3k\u00f6nyv megalapozhatja vagy&hellip;","_links":{"self":[{"href":"https:\/\/skyplanner.ai\/hu\/wp-json\/wp\/v2\/posts\/16497","targetHints":{"allow":["GET"]}}],"collection":[{"href":"https:\/\/skyplanner.ai\/hu\/wp-json\/wp\/v2\/posts"}],"about":[{"href":"https:\/\/skyplanner.ai\/hu\/wp-json\/wp\/v2\/types\/post"}],"author":[{"embeddable":true,"href":"https:\/\/skyplanner.ai\/hu\/wp-json\/wp\/v2\/users\/6"}],"replies":[{"embeddable":true,"href":"https:\/\/skyplanner.ai\/hu\/wp-json\/wp\/v2\/comments?post=16497"}],"version-history":[{"count":0,"href":"https:\/\/skyplanner.ai\/hu\/wp-json\/wp\/v2\/posts\/16497\/revisions"}],"wp:featuredmedia":[{"embeddable":true,"href":"https:\/\/skyplanner.ai\/hu\/wp-json\/wp\/v2\/media\/15651"}],"wp:attachment":[{"href":"https:\/\/skyplanner.ai\/hu\/wp-json\/wp\/v2\/media?parent=16497"}],"wp:term":[{"taxonomy":"category","embeddable":true,"href":"https:\/\/skyplanner.ai\/hu\/wp-json\/wp\/v2\/categories?post=16497"},{"taxonomy":"post_tag","embeddable":true,"href":"https:\/\/skyplanner.ai\/hu\/wp-json\/wp\/v2\/tags?post=16497"}],"curies":[{"name":"wp","href":"https:\/\/api.w.org\/{rel}","templated":true}]}}