{"id":20496,"date":"2023-09-21T11:08:56","date_gmt":"2023-09-21T11:08:56","guid":{"rendered":"https:\/\/skyplanner.ai\/zdroje\/plat-vyrobniho-reditele-ve-francii-2023\/"},"modified":"2026-03-20T20:21:04","modified_gmt":"2026-03-20T20:21:04","slug":"plat-vyrobniho-reditele-ve-francii-2026","status":"publish","type":"post","link":"https:\/\/skyplanner.ai\/cs\/zdroje\/plat-vyrobniho-reditele-ve-francii-2026\/","title":{"rendered":"Plat v\u00fdrobn\u00edho \u0159editele ve Francii 2026"},"content":{"rendered":"<div class=\"gb-container gb-container-bf558a89 article-main-content-container\">\n\n<h1 class=\"wp-block-heading\" id=\"h-production-manager-salary-in-france-2026\">Production Manager Salary in France 2026<\/h1>\n\n\n<div class=\"gb-container gb-container-e8026af9\">\n\n<p><a href=\"https:\/\/skyplanner.ai\/\">Home<\/a>\u00a0\u00bb\u00a0<a href=\"https:\/\/skyplanner.ai\/resources\/\">Resources<\/a>\u00a0\u00bb\u00a0Production Manager Salary in France 2026<\/p>\n\n\n\n<p class=\"yoast-reading-time__wrapper\"><span class=\"yoast-reading-time__icon\"><svg xmlns=\"http:\/\/www.w3.org\/2000\/svg\" aria-hidden=\"true\" focusable=\"false\" data-icon=\"clock\" width=\"20\" height=\"20\" fill=\"none\" stroke=\"currentColor\" style=\"display:inline-block;vertical-align:-0.1em\" role=\"img\" viewbox=\"0 0 24 24\"><path stroke-linecap=\"round\" stroke-linejoin=\"round\" stroke-width=\"2\" d=\"M12 8v4l3 3m6-3a9 9 0 11-18 0 9 9 0 0118 0z\"><\/path><\/svg><\/span><span class=\"yoast-reading-time__spacer\" style=\"display:inline-block;width:1em\"><\/span><span class=\"yoast-reading-time__descriptive-text\">P\u0159edpokl\u00e1dan\u00e1 doba \u010dten\u00ed: <\/span><span class=\"yoast-reading-time__reading-time\">9<\/span><span class=\"yoast-reading-time__time-unit\"> minut<\/span><\/p>\n\n<\/div>\n\n<div class=\"gb-container gb-container-f0fd57d0\">\n<div class=\"gb-container gb-container-ce737323\"><div class=\"gb-inside-container\">\n\n<p><strong>The average production manager salary in France in 2026 is approximately\u00a0\u20ac82,012 per year, depending on various factors.<\/strong><\/p>\n\n<\/div><\/div>\n\n\n<p>In 2026, the manufacturing sector in France is witnessing significant expansion, fueled by technological advancements and global demand. This uptick in growth drives an urgent need for experienced <a href=\"https:\/\/skyplanner.ai\/resources\/production-manager-job-description\/\">production managers<\/a> crucial for orchestrating well-oiled, efficient production lines. So, what kind of salary can these indispensable professionals anticipate in France for the current year?<\/p>\n\n\n\n<h2 class=\"wp-block-heading\" id=\"h-average-salary-in-france-vs-production-manager-salary-in-2026\">Average Salary in France vs. Production Manager Salary in 2026<\/h2>\n\n\n\n<p>Before delving into the specifics of a production manager&#8217;s compensation, let&#8217;s establish some context with the average salary in France. As of 2026, the average salary in France stands at around\u00a0<strong>\u20ac<strong>39,800<\/strong> per year<\/strong>.\u00a0<\/p>\n\n\n\n<p>M\u011bs\u00ed\u010dn\u00ed plat vedouc\u00edho v\u00fdroby \u010din\u00ed p\u0159ibli\u017en\u011b <strong>6 834 EUR<\/strong>, co\u017e odpov\u00edd\u00e1 ro\u010dn\u00edmu platu <strong>82<strong>012<\/strong> EUR<\/strong>. Tyto \u00fadaje se mohou li\u0161it v z\u00e1vislosti na r\u016fzn\u00fdch faktorech, jako je odv\u011btv\u00ed, lokalita a odborn\u00e9 znalosti modern\u00edch n\u00e1stroj\u016f, jako je <a href=\"https:\/\/skyplanner.ai\/cs\/\">syst\u00e9m APS<\/a>.<\/p>\n\n\n\n<h2 class=\"wp-block-heading\">Srovn\u00e1vac\u00ed anal\u00fdza se sousedn\u00edmi zem\u011bmi<\/h2>\n\n\n\n<p>P\u0159i hodnocen\u00ed plat\u016f v\u00fdrobn\u00edch mana\u017eer\u016f v Evrop\u011b nab\u00edz\u00ed Francie konkurenceschopn\u00e9 odm\u011bny. Nap\u0159\u00edklad <a href=\"https:\/\/skyplanner.ai\/cs\/zdroje\/platy-vyrobnich-manazeru-ve-velke-britanii-2025\/\">plat v\u00fdrobn\u00edho mana\u017eera ve Velk\u00e9 Brit\u00e1nii<\/a> a <a href=\"https:\/\/skyplanner.ai\/resources\/production-manager-salary-in-the-netherlands-2023\/\">plat v\u00fdrobn\u00edho mana\u017eera v Nizozemsku<\/a> p\u0159edstavuj\u00ed o n\u011bco vy\u0161\u0161\u00ed pr\u016fm\u011brn\u00e9 platy vzhledem k vy\u0161\u0161\u00edm \u017eivotn\u00edm n\u00e1klad\u016fm. Na druhou stranu, <a href=\"https:\/\/skyplanner.ai\/resources\/production-manager-salary-in-spain-2023\/\">\u0161pan\u011blsk\u00fd plat v\u00fdrobn\u00edho \u0159editele<\/a> je v tomto ohledu sp\u00ed\u0161e ni\u017e\u0161\u00ed. Takov\u00e1 rovnov\u00e1ha \u010din\u00ed Francii atraktivn\u00ed lokalitou pro ty, kte\u0159\u00ed cht\u011bj\u00ed usp\u011bt v oblasti \u0159\u00edzen\u00ed v\u00fdroby.   <\/p>\n\n<\/div>\n\n<div class=\"gb-container gb-container-f7e777f3\">\n<div class=\"gb-container gb-container-0a56c9fa sticky\"><div class=\"gb-inside-container\">\n<div class=\"gb-container gb-container-eed176fc\"><div class=\"gb-inside-container\">\n<div class=\"gb-grid-wrapper gb-grid-wrapper-1b2f16ae\">\n<div class=\"gb-grid-column gb-grid-column-be655727\"><div class=\"gb-container gb-container-be655727\"><div class=\"gb-inside-container\">\n\n<figure class=\"wp-block-image size-large\"><img decoding=\"async\" width=\"1024\" height=\"685\" src=\"https:\/\/skyplanner.ai\/wp-content\/uploads\/2022\/06\/Production-planning-Straight-PNG-1-1024x685.png\" alt=\"SkyPlanner APS - Production planning and scheduling product image straight view\" class=\"wp-image-4339\" srcset=\"https:\/\/skyplanner.ai\/wp-content\/uploads\/2022\/06\/Production-planning-Straight-PNG-1-1024x685.png 1024w, https:\/\/skyplanner.ai\/wp-content\/uploads\/2022\/06\/Production-planning-Straight-PNG-1-300x201.png 300w, https:\/\/skyplanner.ai\/wp-content\/uploads\/2022\/06\/Production-planning-Straight-PNG-1-768x514.png 768w, https:\/\/skyplanner.ai\/wp-content\/uploads\/2022\/06\/Production-planning-Straight-PNG-1-1536x1027.png 1536w, https:\/\/skyplanner.ai\/wp-content\/uploads\/2022\/06\/Production-planning-Straight-PNG-1-2048x1370.png 2048w\" sizes=\"(max-width: 1024px) 100vw, 1024px\" \/><\/figure>\n\n<\/div><\/div><\/div>\n\n<div class=\"gb-grid-column gb-grid-column-0821f9a0\"><div class=\"gb-container gb-container-0821f9a0\"><div class=\"gb-inside-container\">\n\n<h4 class=\"wp-block-heading mobile-text-center\" id=\"h-advanced-production-planning-with-ai-skyplanner-aps\" style=\"font-size:24px\">Advanced production planning with AI &#8211; SkyPlanner APS<\/h4>\n\n\n\n<p class=\"mobile-text-center\">Read more about our approach to production planning and optimization leveraging the power of AI.<\/p>\n\n\n<div class=\"gb-button-wrapper gb-button-wrapper-690cb95e\">\n\n<a class=\"gb-button gb-button-7b87a903 gb-button-text\" href=\"https:\/\/skyplanner.ai\/\" aria-label=\"Book a demo\">Production planning with AI<\/a>\n\n<\/div>\n<\/div><\/div><\/div>\n<\/div>\n<\/div><\/div>\n<\/div><\/div>\n<\/div>\n\n<div class=\"gb-container gb-container-33d6b196\">\n\n<h2 class=\"wp-block-heading\">Faktory ovliv\u0148uj\u00edc\u00ed plat v\u00fdrobn\u00edho \u0159editele ve Francii<\/h2>\n\n\n\n<ol class=\"wp-block-list\">\n<li><strong>Zku\u0161enosti a vzd\u011bl\u00e1n\u00ed<\/strong>: Zku\u0161enosti a vzd\u011bl\u00e1n\u00ed v\u00fdrobn\u00edho \u0159editele maj\u00ed zna\u010dn\u00fd v\u00fdznam pro stanoven\u00ed platu. Ti, kte\u0159\u00ed maj\u00ed n\u011bkolik let praktick\u00fdch zku\u0161enost\u00ed a vy\u0161\u0161\u00ed akademickou kvalifikaci, nap\u0159\u00edklad magistersk\u00fd titul v p\u0159\u00edbuzn\u00e9m oboru, maj\u00ed zpravidla vy\u0161\u0161\u00ed plat. Odborn\u00e9 znalosti v oblasti \u0159\u00edzen\u00ed slo\u017eit\u00fdch projekt\u016f a prokazateln\u00e1 praxe v oboru mohou v\u00fdrazn\u011b zv\u00fd\u0161it potenci\u00e1l v\u00fdd\u011blku.  <\/li>\n\n\n\n<li><strong>Um\u00edst\u011bn\u00ed<\/strong>: Lokalita hraje kl\u00ed\u010dovou roli p\u0159i utv\u00e1\u0159en\u00ed struktury plat\u016f v\u00fdrobn\u00edch mana\u017eer\u016f ve Francii. Metropole jako Pa\u0159\u00ed\u017e, Lyon a Marseille obvykle nab\u00edzej\u00ed vy\u0161\u0161\u00ed platy, aby p\u0159il\u00e1kaly ty nejlep\u0161\u00ed talenty. V t\u011bchto m\u011bstech jsou v\u0161ak tak\u00e9 vy\u0161\u0161\u00ed \u017eivotn\u00ed n\u00e1klady, co\u017e do jist\u00e9 m\u00edry vyva\u017euje mzdov\u00e9 v\u00fdhody. Naopak men\u0161\u00ed m\u011bsta mohou nab\u00edzet ni\u017e\u0161\u00ed platy, ale maj\u00ed ni\u017e\u0161\u00ed \u017eivotn\u00ed n\u00e1klady.   <\/li>\n\n\n\n<li><strong>Technick\u00e9 znalosti<\/strong>: V dob\u011b digit\u00e1ln\u00ed transformace jsou technick\u00e9 dovednosti neoceniteln\u00e9. Vedouc\u00ed v\u00fdroby, kter\u00fd um\u00ed dob\u0159e pou\u017e\u00edvat pokro\u010dil\u00e9 n\u00e1stroje, jako je syst\u00e9m APS pro optimalizaci pl\u00e1nov\u00e1n\u00ed v\u00fdroby, m\u016f\u017ee o\u010dek\u00e1vat lukrativn\u011bj\u0161\u00ed platov\u00e9 podm\u00ednky. Takov\u00e1 technick\u00e1 zdatnost zefektiv\u0148uje v\u00fdrobn\u00ed proces a zvy\u0161uje konkurenceschopnost mana\u017eer\u016f.  <\/li>\n\n\n\n<li><strong>Velikost spole\u010dnosti<\/strong>: Velikost spole\u010dnosti tak\u00e9 v\u00fdznamn\u011b ovliv\u0148uje plat v\u00fdrobn\u00edho \u0159editele ve Francii. Ob\u0159\u00ed spole\u010dnosti s rozs\u00e1hlej\u0161\u00edmi provozy obvykle nab\u00edzej\u00ed vy\u0161\u0161\u00ed platy, dal\u0161\u00ed bonusy a rozs\u00e1hlej\u0161\u00ed bal\u00ed\u010dky benefit\u016f. Naopak men\u0161\u00ed spole\u010dnosti a startupy mohou nab\u00edzet ni\u017e\u0161\u00ed z\u00e1kladn\u00ed mzdy, ale mohou poskytovat pob\u00eddky zalo\u017een\u00e9 na v\u00fdkonu a flexibiln\u011bj\u0161\u00ed pracovn\u00ed prost\u0159ed\u00ed.  <\/li>\n\n\n\n<li><strong>Obor \u010dinnosti spole\u010dnosti<\/strong>: V neposledn\u00ed \u0159ad\u011b m\u016f\u017ee m\u00edt na v\u00fd\u0161i platu vliv i konkr\u00e9tn\u00ed odv\u011btv\u00ed v r\u00e1mci v\u00fdrobn\u00edho sektoru, ve kter\u00e9m v\u00fdrobn\u00ed mana\u017eer pracuje. Odv\u011btv\u00ed, jako je leteck\u00fd, automobilov\u00fd a farmaceutick\u00fd pr\u016fmysl, nab\u00edzej\u00ed lep\u0161\u00ed platy vzhledem ke slo\u017eitosti a kritick\u00e9 povaze pr\u00e1ce. Na druhou stranu v odv\u011btv\u00edch, jako je textiln\u00ed a potravin\u00e1\u0159sk\u00fd pr\u016fmysl, mohou b\u00fdt kompenzace relativn\u011b ni\u017e\u0161\u00ed, co\u017e odr\u00e1\u017e\u00ed ni\u017e\u0161\u00ed technickou n\u00e1ro\u010dnost pr\u00e1ce.  <\/li>\n<\/ol>\n\n\n\n<h2 class=\"wp-block-heading\">Jak\u00e1 je role vedouc\u00edho v\u00fdroby?<\/h2>\n\n\n\n<p>Vedouc\u00ed v\u00fdroby je d\u016fle\u017eit\u00fdm \u010dl\u00e1nkem v\u00fdrobn\u00edho stroje, kter\u00fd je zodpov\u011bdn\u00fd za hladk\u00fd pr\u016fb\u011bh v\u00fdrobn\u00edch operac\u00ed a pln\u011bn\u00ed stanoven\u00fdch c\u00edl\u016f. Krom\u011b pouh\u00e9ho dohledu vytv\u00e1\u0159ej\u00ed strategie, koordinuj\u00ed \u00fakoly mezi r\u016fzn\u00fdmi odd\u011blen\u00edmi a prov\u00e1d\u011bj\u00ed pl\u00e1ny s c\u00edlem dos\u00e1hnout efektivity a hospod\u00e1rnosti. Jejich \u00faloha zahrnuje r\u016fzn\u00e9 funkce, jako je sledov\u00e1n\u00ed rozpo\u010dt\u016f, aby se v\u00fdroba udr\u017eela ve finan\u010dn\u00edch mez\u00edch, udr\u017eov\u00e1n\u00ed bezpe\u010dnostn\u00edch protokol\u016f na pracovi\u0161ti a organizov\u00e1n\u00ed hladk\u00e9 spolupr\u00e1ce mezi odd\u011blen\u00edmi, jako je z\u00e1sobov\u00e1n\u00ed, logistika a prodej.  <\/p>\n\n\n\n<ul class=\"wp-block-list\">\n<li><strong>N\u00e1kladov\u00e1 efektivita<\/strong>: Vedouc\u00ed v\u00fdroby bedliv\u011b sleduj\u00ed rozpo\u010dty a dbaj\u00ed na to, aby v\u00fdrobn\u00ed proces z\u016fstal finan\u010dn\u011b \u00fanosn\u00fd. Neust\u00e1le hledaj\u00ed zp\u016fsoby, jak zv\u00fd\u0161it efektivitu, sn\u00ed\u017eit n\u00e1klady a zv\u00fd\u0161it ziskovost. <\/li>\n\n\n\n<li><strong>Zaji\u0161t\u011bn\u00ed bezpe\u010dnostn\u00edch protokol\u016f<\/strong>: Bezpe\u010dnost na pracovi\u0161ti je nesm\u00edrn\u011b d\u016fle\u017eit\u00e1. Vedouc\u00ed v\u00fdroby proto dbaj\u00ed na dodr\u017eov\u00e1n\u00ed bezpe\u010dnostn\u00edch norem, pravidelnou \u00fadr\u017ebu stroj\u016f a \u010dast\u00e1 bezpe\u010dnostn\u00ed cvi\u010den\u00ed. <\/li>\n\n\n\n<li><strong>Spolupr\u00e1ce a koordinace<\/strong>: \u00daloha vedouc\u00edho v\u00fdroby se neomezuje pouze na v\u00fdrobn\u00ed halu. \u00dazce spolupracuj\u00ed s dal\u0161\u00edmi odd\u011blen\u00edmi, jako je z\u00e1sobov\u00e1n\u00ed, logistika a prodej, aby zajistili hladk\u00fd p\u0159echod v\u00fdrobk\u016f z v\u00fdroby na trh. <\/li>\n\n\n\n<li><strong>Integrace modern\u00edch n\u00e1stroj\u016f<\/strong>: Dne\u0161n\u00ed v\u00fdrobn\u00ed prost\u0159ed\u00ed je st\u00e1le v\u00edce technicky vysp\u011bl\u00e9. Vedouc\u00ed v\u00fdroby dohl\u00ed\u017eej\u00ed na integraci nejmodern\u011bj\u0161\u00edch n\u00e1stroj\u016f, jako je syst\u00e9m APS, kter\u00fd v\u00fdrazn\u011b zlep\u0161uje pl\u00e1nov\u00e1n\u00ed v\u00fdroby a celkovou efektivitu. <\/li>\n<\/ul>\n\n\n\n<h4 class=\"wp-block-heading\">Dovednosti, kter\u00e9 pot\u0159ebuje vedouc\u00ed v\u00fdroby<\/h4>\n\n\n\n<ol class=\"wp-block-list\">\n<li>Siln\u00e9 v\u016fd\u010d\u00ed schopnosti<\/li>\n\n\n\n<li>Dovednosti pro \u0159e\u0161en\u00ed probl\u00e9m\u016f<\/li>\n\n\n\n<li>Znalost v\u00fdrobn\u00edch proces\u016f<\/li>\n\n\n\n<li>\u0158\u00edzen\u00ed rozpo\u010dtu<\/li>\n\n\n\n<li>\u0158\u00edzen\u00ed \u010dasu<\/li>\n\n\n\n<li>Zdravotn\u00ed a bezpe\u010dnostn\u00ed p\u0159edpisy<\/li>\n\n\n\n<li>Technick\u00e9 know-how<\/li>\n\n\n\n<li>Efektivn\u00ed komunikace<\/li>\n<\/ol>\n\n\n\n<h2 class=\"wp-block-heading\" id=\"h-benefits-beyond-salary-in-france-for-a-production-manager-in-2026\">Benefits Beyond Salary in France for a Production Manager in 2026<\/h2>\n\n\n\n<p>Vedle konkurenceschopn\u00e9ho platu maj\u00ed vedouc\u00ed v\u00fdroby ve Francii \u0159adu v\u00fdhod, jako jsou:<\/p>\n\n\n\n<ol class=\"wp-block-list\">\n<li><strong>Zdravotn\u00ed poji\u0161t\u011bn\u00ed<\/strong>: Komplexn\u00ed poji\u0161t\u011bn\u00ed, v\u010detn\u011b rodinn\u00fdch p\u0159\u00edslu\u0161n\u00edk\u016f<\/li>\n\n\n\n<li><strong>D\u016fchodov\u00e9 d\u00e1vky<\/strong>: Robustn\u00ed penzijn\u00ed pl\u00e1ny<\/li>\n\n\n\n<li><strong>\u0160kolen\u00ed a rozvoj<\/strong>: \u0160ance na profesn\u00ed rozvoj a vzestup v kari\u00e9\u0159e<\/li>\n\n\n\n<li><strong>Rovnov\u00e1ha mezi pracovn\u00edm a soukrom\u00fdm \u017eivotem<\/strong>: P\u0159\u00edzniv\u00e1 pracovn\u00ed doba a dovolen\u00e1<\/li>\n<\/ol>\n\n\n\n<h2 class=\"wp-block-heading\">Budoucnost vedouc\u00edho v\u00fdroby ve Francii<\/h2>\n\n\n\n<p>Zpracovatelsk\u00fd pr\u016fmysl ve Francii se nad\u00e1le dynamicky rozv\u00edj\u00ed. S t\u00edm, jak se prosazuj\u00ed technologick\u00e9 vymo\u017eenosti, jako je syst\u00e9m APS, se role vedouc\u00edho v\u00fdroby st\u00e1v\u00e1 je\u0161t\u011b nepostradateln\u011bj\u0161\u00ed. D\u00edky integraci n\u00e1stroj\u016f um\u011bl\u00e9 inteligence, jako je Skyplanner, se v\u00fdrobn\u00ed procesy mohou st\u00e1t exponenci\u00e1ln\u011b efektivn\u011bj\u0161\u00edmi.  <\/p>\n\n\n\n<p>Uva\u017eujete o kari\u00e9\u0159e v\u00fdrobn\u00edho \u0159editele ve Francii? Vzhledem k siln\u00e9mu r\u016fstu v\u00fdrobn\u00edho sektoru a \u0159ad\u011b ovliv\u0148uj\u00edc\u00edch faktor\u016f se Francie jev\u00ed jako atraktivn\u00ed volba. D\u00edky dovednostem v oblasti modern\u00edch n\u00e1stroj\u016f, jako je syst\u00e9m APS, a komplexn\u00edm znalostem v\u00fdrobn\u00edho procesu m\u00e1te dobr\u00e9 p\u0159edpoklady pro \u00fasp\u011b\u0161nou budoucnost v tomto oboru.  <\/p>\n\n<\/div>\n\n<div class=\"gb-container gb-container-92545123\">\n<div class=\"gb-grid-wrapper gb-grid-wrapper-0a61546f\">\n<div class=\"gb-grid-column gb-grid-column-e4183086\"><div class=\"gb-container gb-container-e4183086\">\n\n<\/div><\/div>\n\n<div class=\"gb-grid-column gb-grid-column-84ccbb5d\"><div class=\"gb-container gb-container-84ccbb5d\">\n\n<\/div><\/div>\n<\/div>\n<\/div>\n<\/div>","protected":false},"excerpt":{"rendered":"<p>Production Manager Salary in France 2026 Home\u00a0\u00bb\u00a0Resources\u00a0\u00bb\u00a0Production Manager Salary in France 2026 The average production manager salary in France in 2026 is approximately\u00a0\u20ac82,012 per year, depending on various factors. In 2026, the manufacturing sector in France is witnessing significant expansion, fueled by technological advancements and global demand. This uptick in growth drives an urgent need &#8230; <a title=\"Plat v\u00fdrobn\u00edho \u0159editele ve Francii 2026\" class=\"read-more\" href=\"https:\/\/skyplanner.ai\/cs\/zdroje\/plat-vyrobniho-reditele-ve-francii-2026\/\" aria-label=\"Read more about Plat v\u00fdrobn\u00edho \u0159editele ve Francii 2026\">Read more<\/a><\/p>\n","protected":false},"author":6,"featured_media":20807,"comment_status":"closed","ping_status":"open","sticky":false,"template":"","format":"standard","meta":{"inline_featured_image":false,"_uag_custom_page_level_css":"","footnotes":""},"categories":[303],"tags":[],"class_list":["post-20496","post","type-post","status-publish","format-standard","has-post-thumbnail","hentry","category-zdroje","generate-columns","tablet-grid-50","mobile-grid-100","grid-parent","grid-33"],"acf":[],"yoast_head":"<!-- This site is optimized with the Yoast SEO Premium plugin v26.9 (Yoast SEO v27.0) - https:\/\/yoast.com\/product\/yoast-seo-premium-wordpress\/ -->\n<title>Plat v\u00fdrobn\u00edho \u0159editele ve Francii 2026 &#8211; SkyPlanner<\/title>\n<meta name=\"description\" content=\"Pr\u016fm\u011brn\u00fd plat v\u00fdrobn\u00edho \u0159editele ve Francii v roce 2026 \u010din\u00ed p\u0159ibli\u017en\u011b 82 012 eur ro\u010dn\u011b v z\u00e1vislosti na r\u016fzn\u00fdch faktorech.\" \/>\n<meta name=\"robots\" content=\"index, follow, max-snippet:-1, max-image-preview:large, max-video-preview:-1\" \/>\n<link rel=\"canonical\" href=\"https:\/\/skyplanner.ai\/cs\/zdroje\/plat-vyrobniho-reditele-ve-francii-2026\/\" \/>\n<meta property=\"og:locale\" content=\"cs_CZ\" \/>\n<meta property=\"og:type\" content=\"article\" \/>\n<meta property=\"og:title\" content=\"Plat v\u00fdrobn\u00edho \u0159editele ve Francii 2026\" \/>\n<meta property=\"og:description\" content=\"Pr\u016fm\u011brn\u00fd plat v\u00fdrobn\u00edho \u0159editele ve Francii v roce 2026 \u010din\u00ed p\u0159ibli\u017en\u011b 82 012 eur ro\u010dn\u011b v z\u00e1vislosti na r\u016fzn\u00fdch faktorech.\" \/>\n<meta property=\"og:url\" content=\"https:\/\/skyplanner.ai\/cs\/zdroje\/plat-vyrobniho-reditele-ve-francii-2026\/\" \/>\n<meta property=\"og:site_name\" content=\"SkyPlanner\" \/>\n<meta property=\"article:published_time\" content=\"2023-09-21T11:08:56+00:00\" \/>\n<meta property=\"article:modified_time\" content=\"2026-03-20T20:21:04+00:00\" \/>\n<meta property=\"og:image\" content=\"https:\/\/skyplanner.ai\/wp-content\/uploads\/2023\/09\/Production-Manager-Salary-in-France-1024x683.png\" \/>\n\t<meta property=\"og:image:width\" content=\"1024\" \/>\n\t<meta property=\"og:image:height\" content=\"683\" \/>\n\t<meta property=\"og:image:type\" content=\"image\/png\" \/>\n<meta name=\"author\" content=\"SkyPlanner\" \/>\n<meta name=\"twitter:card\" content=\"summary_large_image\" \/>\n<meta name=\"twitter:label1\" content=\"Napsal(a)\" \/>\n\t<meta name=\"twitter:data1\" content=\"SkyPlanner\" \/>\n\t<meta name=\"twitter:label2\" content=\"Odhadovan\u00e1 doba \u010dten\u00ed\" \/>\n\t<meta name=\"twitter:data2\" content=\"4 minuty\" \/>\n<script type=\"application\/ld+json\" class=\"yoast-schema-graph\">{\"@context\":\"https:\/\/schema.org\",\"@graph\":[{\"@type\":\"Article\",\"@id\":\"https:\/\/skyplanner.ai\/cs\/zdroje\/plat-vyrobniho-reditele-ve-francii-2026\/#article\",\"isPartOf\":{\"@id\":\"https:\/\/skyplanner.ai\/cs\/zdroje\/plat-vyrobniho-reditele-ve-francii-2026\/\"},\"author\":{\"name\":\"SkyPlanner\",\"@id\":\"https:\/\/skyplanner.ai\/cs\/#\/schema\/person\/9122a7382a3a91f77e5ed0207811724a\"},\"headline\":\"Plat v\u00fdrobn\u00edho \u0159editele ve Francii 2026\",\"datePublished\":\"2023-09-21T11:08:56+00:00\",\"dateModified\":\"2026-03-20T20:21:04+00:00\",\"mainEntityOfPage\":{\"@id\":\"https:\/\/skyplanner.ai\/cs\/zdroje\/plat-vyrobniho-reditele-ve-francii-2026\/\"},\"wordCount\":1214,\"publisher\":{\"@id\":\"https:\/\/skyplanner.ai\/cs\/#organization\"},\"image\":{\"@id\":\"https:\/\/skyplanner.ai\/cs\/zdroje\/plat-vyrobniho-reditele-ve-francii-2026\/#primaryimage\"},\"thumbnailUrl\":\"https:\/\/skyplanner.ai\/wp-content\/uploads\/2023\/09\/Production-Manager-Salary-in-France.png\",\"articleSection\":[\"zdroje\"],\"inLanguage\":\"cs\"},{\"@type\":\"WebPage\",\"@id\":\"https:\/\/skyplanner.ai\/cs\/zdroje\/plat-vyrobniho-reditele-ve-francii-2026\/\",\"url\":\"https:\/\/skyplanner.ai\/cs\/zdroje\/plat-vyrobniho-reditele-ve-francii-2026\/\",\"name\":\"Plat v\u00fdrobn\u00edho \u0159editele ve Francii 2026 &#8211; SkyPlanner\",\"isPartOf\":{\"@id\":\"https:\/\/skyplanner.ai\/cs\/#website\"},\"primaryImageOfPage\":{\"@id\":\"https:\/\/skyplanner.ai\/cs\/zdroje\/plat-vyrobniho-reditele-ve-francii-2026\/#primaryimage\"},\"image\":{\"@id\":\"https:\/\/skyplanner.ai\/cs\/zdroje\/plat-vyrobniho-reditele-ve-francii-2026\/#primaryimage\"},\"thumbnailUrl\":\"https:\/\/skyplanner.ai\/wp-content\/uploads\/2023\/09\/Production-Manager-Salary-in-France.png\",\"datePublished\":\"2023-09-21T11:08:56+00:00\",\"dateModified\":\"2026-03-20T20:21:04+00:00\",\"description\":\"Pr\u016fm\u011brn\u00fd plat v\u00fdrobn\u00edho \u0159editele ve Francii v roce 2026 \u010din\u00ed p\u0159ibli\u017en\u011b 82 012 eur ro\u010dn\u011b v z\u00e1vislosti na r\u016fzn\u00fdch faktorech.\",\"breadcrumb\":{\"@id\":\"https:\/\/skyplanner.ai\/cs\/zdroje\/plat-vyrobniho-reditele-ve-francii-2026\/#breadcrumb\"},\"inLanguage\":\"cs\",\"potentialAction\":[{\"@type\":\"ReadAction\",\"target\":[\"https:\/\/skyplanner.ai\/cs\/zdroje\/plat-vyrobniho-reditele-ve-francii-2026\/\"]}]},{\"@type\":\"ImageObject\",\"inLanguage\":\"cs\",\"@id\":\"https:\/\/skyplanner.ai\/cs\/zdroje\/plat-vyrobniho-reditele-ve-francii-2026\/#primaryimage\",\"url\":\"https:\/\/skyplanner.ai\/wp-content\/uploads\/2023\/09\/Production-Manager-Salary-in-France.png\",\"contentUrl\":\"https:\/\/skyplanner.ai\/wp-content\/uploads\/2023\/09\/Production-Manager-Salary-in-France.png\",\"width\":4990,\"height\":3327,\"caption\":\"Production Manager Salary in France\"},{\"@type\":\"BreadcrumbList\",\"@id\":\"https:\/\/skyplanner.ai\/cs\/zdroje\/plat-vyrobniho-reditele-ve-francii-2026\/#breadcrumb\",\"itemListElement\":[{\"@type\":\"ListItem\",\"position\":1,\"name\":\"Home\",\"item\":\"https:\/\/skyplanner.ai\/cs\/domovska-stranka\/\"},{\"@type\":\"ListItem\",\"position\":2,\"name\":\"Plat v\u00fdrobn\u00edho \u0159editele ve Francii 2026\"}]},{\"@type\":\"WebSite\",\"@id\":\"https:\/\/skyplanner.ai\/cs\/#website\",\"url\":\"https:\/\/skyplanner.ai\/cs\/\",\"name\":\"SkyPlanner\",\"description\":\"AI-powered production scheduling and planning software\",\"publisher\":{\"@id\":\"https:\/\/skyplanner.ai\/cs\/#organization\"},\"potentialAction\":[{\"@type\":\"SearchAction\",\"target\":{\"@type\":\"EntryPoint\",\"urlTemplate\":\"https:\/\/skyplanner.ai\/cs\/?s={search_term_string}\"},\"query-input\":{\"@type\":\"PropertyValueSpecification\",\"valueRequired\":true,\"valueName\":\"search_term_string\"}}],\"inLanguage\":\"cs\"},{\"@type\":\"Organization\",\"@id\":\"https:\/\/skyplanner.ai\/cs\/#organization\",\"name\":\"SkyPlanner APS\",\"url\":\"https:\/\/skyplanner.ai\/cs\/\",\"logo\":{\"@type\":\"ImageObject\",\"inLanguage\":\"cs\",\"@id\":\"https:\/\/skyplanner.ai\/cs\/#\/schema\/logo\/image\/\",\"url\":\"https:\/\/skyplanner.ai\/wp-content\/uploads\/2022\/05\/Skyplanner-logo-2.svg\",\"contentUrl\":\"https:\/\/skyplanner.ai\/wp-content\/uploads\/2022\/05\/Skyplanner-logo-2.svg\",\"width\":223,\"height\":43,\"caption\":\"SkyPlanner APS\"},\"image\":{\"@id\":\"https:\/\/skyplanner.ai\/cs\/#\/schema\/logo\/image\/\"},\"sameAs\":[\"https:\/\/www.linkedin.com\/company\/skyplanner-aps\/\",\"https:\/\/www.youtube.com\/@SkyPlannerAPS\",\"https:\/\/www.capterra.com\/p\/265911\/SkyPlanner-APS\/\",\"https:\/\/www.trustradius.com\/products\/skyplanner-aps\/reviews\",\"https:\/\/www.saasworthy.com\/product\/skyplanner-aps\",\"https:\/\/sourceforge.net\/software\/product\/SkyPlanner-APS\/\",\"https:\/\/www.g2.com\/products\/skyplanner-aps\/\",\"https:\/\/www.getapp.com\/project-management-planning-software\/a\/skyplanner-aps\/\",\"https:\/\/www.softwareadvice.com\/cmms\/skyplanner-aps-profile\/\"],\"description\":\"AI-powered production scheduling and planning software for manufacturing\",\"foundingDate\":\"1997\",\"legalName\":\"Skycode Oy\",\"alternateName\":\"SkyPlanner\",\"knowsAbout\":[\"Production Scheduling\",\"Advanced Planning and Scheduling\",\"Manufacturing AI\",\"Finite Capacity Scheduling\",\"ERP Integration\"],\"areaServed\":\"Worldwide\",\"contactPoint\":{\"@type\":\"ContactPoint\",\"contactType\":\"sales\",\"url\":\"https:\/\/skyplanner.ai\/trial\/\"}},{\"@type\":\"Person\",\"@id\":\"https:\/\/skyplanner.ai\/cs\/#\/schema\/person\/9122a7382a3a91f77e5ed0207811724a\",\"name\":\"SkyPlanner\",\"image\":{\"@type\":\"ImageObject\",\"inLanguage\":\"cs\",\"@id\":\"https:\/\/skyplanner.ai\/cs\/#\/schema\/person\/image\/\",\"url\":\"https:\/\/secure.gravatar.com\/avatar\/b7d00e63bfb49c23e740cab317acbfb7287b7fa23d51b75e89a6659494daa9dd?s=96&d=mm&r=g\",\"contentUrl\":\"https:\/\/secure.gravatar.com\/avatar\/b7d00e63bfb49c23e740cab317acbfb7287b7fa23d51b75e89a6659494daa9dd?s=96&d=mm&r=g\",\"caption\":\"SkyPlanner\"}}]}<\/script>\n<!-- \/ Yoast SEO Premium plugin. -->","yoast_head_json":{"title":"Plat v\u00fdrobn\u00edho \u0159editele ve Francii 2026 &#8211; SkyPlanner","description":"Pr\u016fm\u011brn\u00fd plat v\u00fdrobn\u00edho \u0159editele ve Francii v roce 2026 \u010din\u00ed p\u0159ibli\u017en\u011b 82 012 eur ro\u010dn\u011b v z\u00e1vislosti na r\u016fzn\u00fdch faktorech.","robots":{"index":"index","follow":"follow","max-snippet":"max-snippet:-1","max-image-preview":"max-image-preview:large","max-video-preview":"max-video-preview:-1"},"canonical":"https:\/\/skyplanner.ai\/cs\/zdroje\/plat-vyrobniho-reditele-ve-francii-2026\/","og_locale":"cs_CZ","og_type":"article","og_title":"Plat v\u00fdrobn\u00edho \u0159editele ve Francii 2026","og_description":"Pr\u016fm\u011brn\u00fd plat v\u00fdrobn\u00edho \u0159editele ve Francii v roce 2026 \u010din\u00ed p\u0159ibli\u017en\u011b 82 012 eur ro\u010dn\u011b v z\u00e1vislosti na r\u016fzn\u00fdch faktorech.","og_url":"https:\/\/skyplanner.ai\/cs\/zdroje\/plat-vyrobniho-reditele-ve-francii-2026\/","og_site_name":"SkyPlanner","article_published_time":"2023-09-21T11:08:56+00:00","article_modified_time":"2026-03-20T20:21:04+00:00","og_image":[{"width":1024,"height":683,"url":"https:\/\/skyplanner.ai\/wp-content\/uploads\/2023\/09\/Production-Manager-Salary-in-France-1024x683.png","type":"image\/png"}],"author":"SkyPlanner","twitter_card":"summary_large_image","twitter_misc":{"Napsal(a)":"SkyPlanner","Odhadovan\u00e1 doba \u010dten\u00ed":"4 minuty"},"schema":{"@context":"https:\/\/schema.org","@graph":[{"@type":"Article","@id":"https:\/\/skyplanner.ai\/cs\/zdroje\/plat-vyrobniho-reditele-ve-francii-2026\/#article","isPartOf":{"@id":"https:\/\/skyplanner.ai\/cs\/zdroje\/plat-vyrobniho-reditele-ve-francii-2026\/"},"author":{"name":"SkyPlanner","@id":"https:\/\/skyplanner.ai\/cs\/#\/schema\/person\/9122a7382a3a91f77e5ed0207811724a"},"headline":"Plat v\u00fdrobn\u00edho \u0159editele ve Francii 2026","datePublished":"2023-09-21T11:08:56+00:00","dateModified":"2026-03-20T20:21:04+00:00","mainEntityOfPage":{"@id":"https:\/\/skyplanner.ai\/cs\/zdroje\/plat-vyrobniho-reditele-ve-francii-2026\/"},"wordCount":1214,"publisher":{"@id":"https:\/\/skyplanner.ai\/cs\/#organization"},"image":{"@id":"https:\/\/skyplanner.ai\/cs\/zdroje\/plat-vyrobniho-reditele-ve-francii-2026\/#primaryimage"},"thumbnailUrl":"https:\/\/skyplanner.ai\/wp-content\/uploads\/2023\/09\/Production-Manager-Salary-in-France.png","articleSection":["zdroje"],"inLanguage":"cs"},{"@type":"WebPage","@id":"https:\/\/skyplanner.ai\/cs\/zdroje\/plat-vyrobniho-reditele-ve-francii-2026\/","url":"https:\/\/skyplanner.ai\/cs\/zdroje\/plat-vyrobniho-reditele-ve-francii-2026\/","name":"Plat v\u00fdrobn\u00edho \u0159editele ve Francii 2026 &#8211; SkyPlanner","isPartOf":{"@id":"https:\/\/skyplanner.ai\/cs\/#website"},"primaryImageOfPage":{"@id":"https:\/\/skyplanner.ai\/cs\/zdroje\/plat-vyrobniho-reditele-ve-francii-2026\/#primaryimage"},"image":{"@id":"https:\/\/skyplanner.ai\/cs\/zdroje\/plat-vyrobniho-reditele-ve-francii-2026\/#primaryimage"},"thumbnailUrl":"https:\/\/skyplanner.ai\/wp-content\/uploads\/2023\/09\/Production-Manager-Salary-in-France.png","datePublished":"2023-09-21T11:08:56+00:00","dateModified":"2026-03-20T20:21:04+00:00","description":"Pr\u016fm\u011brn\u00fd plat v\u00fdrobn\u00edho \u0159editele ve Francii v roce 2026 \u010din\u00ed p\u0159ibli\u017en\u011b 82 012 eur ro\u010dn\u011b v z\u00e1vislosti na r\u016fzn\u00fdch faktorech.","breadcrumb":{"@id":"https:\/\/skyplanner.ai\/cs\/zdroje\/plat-vyrobniho-reditele-ve-francii-2026\/#breadcrumb"},"inLanguage":"cs","potentialAction":[{"@type":"ReadAction","target":["https:\/\/skyplanner.ai\/cs\/zdroje\/plat-vyrobniho-reditele-ve-francii-2026\/"]}]},{"@type":"ImageObject","inLanguage":"cs","@id":"https:\/\/skyplanner.ai\/cs\/zdroje\/plat-vyrobniho-reditele-ve-francii-2026\/#primaryimage","url":"https:\/\/skyplanner.ai\/wp-content\/uploads\/2023\/09\/Production-Manager-Salary-in-France.png","contentUrl":"https:\/\/skyplanner.ai\/wp-content\/uploads\/2023\/09\/Production-Manager-Salary-in-France.png","width":4990,"height":3327,"caption":"Production Manager Salary in France"},{"@type":"BreadcrumbList","@id":"https:\/\/skyplanner.ai\/cs\/zdroje\/plat-vyrobniho-reditele-ve-francii-2026\/#breadcrumb","itemListElement":[{"@type":"ListItem","position":1,"name":"Home","item":"https:\/\/skyplanner.ai\/cs\/domovska-stranka\/"},{"@type":"ListItem","position":2,"name":"Plat v\u00fdrobn\u00edho \u0159editele ve Francii 2026"}]},{"@type":"WebSite","@id":"https:\/\/skyplanner.ai\/cs\/#website","url":"https:\/\/skyplanner.ai\/cs\/","name":"SkyPlanner","description":"AI-powered production scheduling and planning software","publisher":{"@id":"https:\/\/skyplanner.ai\/cs\/#organization"},"potentialAction":[{"@type":"SearchAction","target":{"@type":"EntryPoint","urlTemplate":"https:\/\/skyplanner.ai\/cs\/?s={search_term_string}"},"query-input":{"@type":"PropertyValueSpecification","valueRequired":true,"valueName":"search_term_string"}}],"inLanguage":"cs"},{"@type":"Organization","@id":"https:\/\/skyplanner.ai\/cs\/#organization","name":"SkyPlanner APS","url":"https:\/\/skyplanner.ai\/cs\/","logo":{"@type":"ImageObject","inLanguage":"cs","@id":"https:\/\/skyplanner.ai\/cs\/#\/schema\/logo\/image\/","url":"https:\/\/skyplanner.ai\/wp-content\/uploads\/2022\/05\/Skyplanner-logo-2.svg","contentUrl":"https:\/\/skyplanner.ai\/wp-content\/uploads\/2022\/05\/Skyplanner-logo-2.svg","width":223,"height":43,"caption":"SkyPlanner APS"},"image":{"@id":"https:\/\/skyplanner.ai\/cs\/#\/schema\/logo\/image\/"},"sameAs":["https:\/\/www.linkedin.com\/company\/skyplanner-aps\/","https:\/\/www.youtube.com\/@SkyPlannerAPS","https:\/\/www.capterra.com\/p\/265911\/SkyPlanner-APS\/","https:\/\/www.trustradius.com\/products\/skyplanner-aps\/reviews","https:\/\/www.saasworthy.com\/product\/skyplanner-aps","https:\/\/sourceforge.net\/software\/product\/SkyPlanner-APS\/","https:\/\/www.g2.com\/products\/skyplanner-aps\/","https:\/\/www.getapp.com\/project-management-planning-software\/a\/skyplanner-aps\/","https:\/\/www.softwareadvice.com\/cmms\/skyplanner-aps-profile\/"],"description":"AI-powered production scheduling and planning software for manufacturing","foundingDate":"1997","legalName":"Skycode Oy","alternateName":"SkyPlanner","knowsAbout":["Production Scheduling","Advanced Planning and Scheduling","Manufacturing AI","Finite Capacity Scheduling","ERP Integration"],"areaServed":"Worldwide","contactPoint":{"@type":"ContactPoint","contactType":"sales","url":"https:\/\/skyplanner.ai\/trial\/"}},{"@type":"Person","@id":"https:\/\/skyplanner.ai\/cs\/#\/schema\/person\/9122a7382a3a91f77e5ed0207811724a","name":"SkyPlanner","image":{"@type":"ImageObject","inLanguage":"cs","@id":"https:\/\/skyplanner.ai\/cs\/#\/schema\/person\/image\/","url":"https:\/\/secure.gravatar.com\/avatar\/b7d00e63bfb49c23e740cab317acbfb7287b7fa23d51b75e89a6659494daa9dd?s=96&d=mm&r=g","contentUrl":"https:\/\/secure.gravatar.com\/avatar\/b7d00e63bfb49c23e740cab317acbfb7287b7fa23d51b75e89a6659494daa9dd?s=96&d=mm&r=g","caption":"SkyPlanner"}}]}},"uagb_featured_image_src":{"full":["https:\/\/skyplanner.ai\/wp-content\/uploads\/2023\/09\/Production-Manager-Salary-in-France.png",4990,3327,false],"thumbnail":["https:\/\/skyplanner.ai\/wp-content\/uploads\/2023\/09\/Production-Manager-Salary-in-France-150x150.png",150,150,true],"medium":["https:\/\/skyplanner.ai\/wp-content\/uploads\/2023\/09\/Production-Manager-Salary-in-France-300x200.png",300,200,true],"medium_large":["https:\/\/skyplanner.ai\/wp-content\/uploads\/2023\/09\/Production-Manager-Salary-in-France-768x512.png",768,512,true],"large":["https:\/\/skyplanner.ai\/wp-content\/uploads\/2023\/09\/Production-Manager-Salary-in-France-1024x683.png",1024,683,true],"1536x1536":["https:\/\/skyplanner.ai\/wp-content\/uploads\/2023\/09\/Production-Manager-Salary-in-France-1536x1024.png",1536,1024,true],"2048x2048":["https:\/\/skyplanner.ai\/wp-content\/uploads\/2023\/09\/Production-Manager-Salary-in-France-2048x1365.png",2048,1365,true],"betterdocs-category-thumb":["https:\/\/skyplanner.ai\/wp-content\/uploads\/2023\/09\/Production-Manager-Salary-in-France.png",360,240,false]},"uagb_author_info":{"display_name":"SkyPlanner","author_link":"https:\/\/skyplanner.ai\/cs\/author\/bettina\/"},"uagb_comment_info":0,"uagb_excerpt":"Production Manager Salary in France 2026 Home\u00a0\u00bb\u00a0Resources\u00a0\u00bb\u00a0Production Manager Salary in France 2026 The average production manager salary in France in 2026 is approximately\u00a0\u20ac82,012 per year, depending on various factors. In 2026, the manufacturing sector in France is witnessing significant expansion, fueled by technological advancements and global demand. This uptick in growth drives an urgent need&hellip;","_links":{"self":[{"href":"https:\/\/skyplanner.ai\/cs\/wp-json\/wp\/v2\/posts\/20496","targetHints":{"allow":["GET"]}}],"collection":[{"href":"https:\/\/skyplanner.ai\/cs\/wp-json\/wp\/v2\/posts"}],"about":[{"href":"https:\/\/skyplanner.ai\/cs\/wp-json\/wp\/v2\/types\/post"}],"author":[{"embeddable":true,"href":"https:\/\/skyplanner.ai\/cs\/wp-json\/wp\/v2\/users\/6"}],"replies":[{"embeddable":true,"href":"https:\/\/skyplanner.ai\/cs\/wp-json\/wp\/v2\/comments?post=20496"}],"version-history":[{"count":1,"href":"https:\/\/skyplanner.ai\/cs\/wp-json\/wp\/v2\/posts\/20496\/revisions"}],"predecessor-version":[{"id":85869,"href":"https:\/\/skyplanner.ai\/cs\/wp-json\/wp\/v2\/posts\/20496\/revisions\/85869"}],"wp:featuredmedia":[{"embeddable":true,"href":"https:\/\/skyplanner.ai\/cs\/wp-json\/wp\/v2\/media\/20807"}],"wp:attachment":[{"href":"https:\/\/skyplanner.ai\/cs\/wp-json\/wp\/v2\/media?parent=20496"}],"wp:term":[{"taxonomy":"category","embeddable":true,"href":"https:\/\/skyplanner.ai\/cs\/wp-json\/wp\/v2\/categories?post=20496"},{"taxonomy":"post_tag","embeddable":true,"href":"https:\/\/skyplanner.ai\/cs\/wp-json\/wp\/v2\/tags?post=20496"}],"curies":[{"name":"wp","href":"https:\/\/api.w.org\/{rel}","templated":true}]}}